{"id":513,"date":"2025-11-01T11:30:23","date_gmt":"2025-11-01T10:30:23","guid":{"rendered":"https:\/\/cyclo-les-copains-de-wavre.be\/?p=513"},"modified":"2026-02-22T14:32:57","modified_gmt":"2026-02-22T13:32:57","slug":"programme-de-novembre","status":"publish","type":"post","link":"https:\/\/cyclo-les-copains-de-wavre.be\/?p=513","title":{"rendered":"Programme de novembre"},"content":{"rendered":"<div>\n<div>\n<div>\n<div>\n<p><span style=\"font-family: Avenir-Book;\"><span data-proton-original-style=\"line-height: 1.5; scrollbar-width: thin; scrollbar-color: #0000 #0000; font-family: Comic Sans MS; color: #000\">Les dimanches et jours f\u00e9ri\u00e9s :\u00a0<\/span><\/span><\/p>\n<p><span data-proton-original-style=\"line-height: 1.5; scrollbar-width: thin; scrollbar-color: #0000 #0000; font-family: Comic Sans MS; color: #000\">d\u00e9part \u00e0\u00a09h30\u00a0pour\u00a0tous les groupes<\/span><span data-proton-original-style=\"line-height: 1.5; scrollbar-width: thin; scrollbar-color: #0000 #0000; color: #000\">\u00a0<\/span><span style=\"font-family: Avenir-Book;\"><span data-proton-original-style=\"line-height: 1.5; scrollbar-width: thin; scrollbar-color: #0000 #0000; font-family: Arial, sans-serif; color: #000\">\u00a0<\/span><\/span><\/p>\n<p><span style=\"font-family: Avenir-Book;\"><span data-proton-original-style=\"line-height: 1.5; scrollbar-width: thin; scrollbar-color: #0000 #0000; font-family: Comic Sans MS; color: #000\">En semaine : les mardis et jeudis :\u00a0<\/span><\/span><\/p>\n<p><span style=\"font-family: Avenir-Book;\"><span data-proton-original-style=\"line-height: 1.5; scrollbar-width: thin; scrollbar-color: #0000 #0000; font-family: Comic Sans MS; color: #000\">d\u00e9part \u00e0 10h00\u00a0pour\u00a0tous les groupes<\/span><span data-proton-original-style=\"line-height: 1.5; scrollbar-width: thin; scrollbar-color: #0000 #0000; color: #000\"> sauf groupe 2.<\/span><\/span><\/p>\n<p><span style=\"font-family: Avenir-Book;\">\u00c0 la suite de la plupart des demandes des membres, les capitaines du <strong>groupe\u202f2<\/strong> souhaitent avancer l\u2019horaire des sorties de la semaine\u202f: elles passeront de\u202f10\u202fh\u202f00 \u00e0\u202f9\u202fh\u202f30 pendant tout le mois de\u202fnovembre.<\/span><\/p>\n<p><span style=\"font-family: Avenir-Book;\">Par ailleurs, si la m\u00e9t\u00e9o s\u2019av\u00e8re d\u00e9favorable le dimanche, la sortie sera report\u00e9e au samedi, avec un d\u00e9part pr\u00e9vu \u00e0\u202f12\u202fh\u202f30.<\/span><\/p>\n<div><span style=\"font-family: Avenir-Book;\"><b>\u00c0 venir<\/b><\/span><\/div>\n<p>&nbsp;<\/p>\n<\/div>\n<\/div>\n<\/div>\n<\/div>\n<p><span style=\"font-family: Avenir-Book;\">Assembl\u00e9e g\u00e9n\u00e9rale le 26 novembre 2025<\/span><\/p>\n","protected":false},"excerpt":{"rendered":"<p>Les dimanches et jours f\u00e9ri\u00e9s :\u00a0 d\u00e9part \u00e0\u00a09h30\u00a0pour\u00a0tous les groupes\u00a0\u00a0 En semaine : les mardis et jeudis :\u00a0 d\u00e9part \u00e0 10h00\u00a0pour\u00a0tous les groupes sauf groupe 2. \u00c0 la suite de la plupart des demandes des membres, les capitaines du groupe\u202f2 &hellip; <a href=\"https:\/\/cyclo-les-copains-de-wavre.be\/?p=513\">Continuer la lecture <span class=\"meta-nav\">&rarr;<\/span><\/a><\/p>\n","protected":false},"author":3,"featured_media":0,"comment_status":"closed","ping_status":"closed","sticky":false,"template":"","format":"aside","meta":{"footnotes":""},"categories":[39],"tags":[],"class_list":["post-513","post","type-post","status-publish","format-aside","hentry","category-vie-du-club","post_format-post-format-aside"],"_links":{"self":[{"href":"https:\/\/cyclo-les-copains-de-wavre.be\/index.php?rest_route=\/wp\/v2\/posts\/513","targetHints":{"allow":["GET"]}}],"collection":[{"href":"https:\/\/cyclo-les-copains-de-wavre.be\/index.php?rest_route=\/wp\/v2\/posts"}],"about":[{"href":"https:\/\/cyclo-les-copains-de-wavre.be\/index.php?rest_route=\/wp\/v2\/types\/post"}],"author":[{"embeddable":true,"href":"https:\/\/cyclo-les-copains-de-wavre.be\/index.php?rest_route=\/wp\/v2\/users\/3"}],"replies":[{"embeddable":true,"href":"https:\/\/cyclo-les-copains-de-wavre.be\/index.php?rest_route=%2Fwp%2Fv2%2Fcomments&post=513"}],"version-history":[{"count":3,"href":"https:\/\/cyclo-les-copains-de-wavre.be\/index.php?rest_route=\/wp\/v2\/posts\/513\/revisions"}],"predecessor-version":[{"id":517,"href":"https:\/\/cyclo-les-copains-de-wavre.be\/index.php?rest_route=\/wp\/v2\/posts\/513\/revisions\/517"}],"wp:attachment":[{"href":"https:\/\/cyclo-les-copains-de-wavre.be\/index.php?rest_route=%2Fwp%2Fv2%2Fmedia&parent=513"}],"wp:term":[{"taxonomy":"category","embeddable":true,"href":"https:\/\/cyclo-les-copains-de-wavre.be\/index.php?rest_route=%2Fwp%2Fv2%2Fcategories&post=513"},{"taxonomy":"post_tag","embeddable":true,"href":"https:\/\/cyclo-les-copains-de-wavre.be\/index.php?rest_route=%2Fwp%2Fv2%2Ftags&post=513"}],"curies":[{"name":"wp","href":"https:\/\/api.w.org\/{rel}","templated":true}]}}