{"id":509,"date":"2025-10-05T13:53:58","date_gmt":"2025-10-05T11:53:58","guid":{"rendered":"https:\/\/cyclo-les-copains-de-wavre.be\/?p=509"},"modified":"2025-11-01T11:30:38","modified_gmt":"2025-11-01T10:30:38","slug":"programme-doctobre-2025","status":"publish","type":"post","link":"https:\/\/cyclo-les-copains-de-wavre.be\/?p=509","title":{"rendered":"programme d\u2019octobre 2025."},"content":{"rendered":"<h1 class=\"p1\"><span style=\"font-family: Avenir-Book;\"><span class=\"s1\"><img loading=\"lazy\" decoding=\"async\" class=\"alignnone wp-image-378\" src=\"https:\/\/cyclo-les-copains-de-wavre.be\/wp-content\/uploads\/2025\/01\/actualites-300x183.jpg\" alt=\"\" width=\"146\" height=\"89\" srcset=\"https:\/\/cyclo-les-copains-de-wavre.be\/wp-content\/uploads\/2025\/01\/actualites-300x183.jpg 300w, https:\/\/cyclo-les-copains-de-wavre.be\/wp-content\/uploads\/2025\/01\/actualites-768x470.jpg 768w, https:\/\/cyclo-les-copains-de-wavre.be\/wp-content\/uploads\/2025\/01\/actualites.jpg 960w\" sizes=\"auto, (max-width: 146px) 100vw, 146px\" \/><\/span><\/span><b><u><\/u><\/b><\/h1>\n<h1 class=\"p1\"><span class=\"s2\"><span style=\"font-family: Avenir-Book;\"><b><u>Hor<\/u><\/b><\/span><\/span><span class=\"s2\"><span style=\"font-family: Avenir-Book;\"><b><u>aire des sorties<\/u><\/b><\/span><\/span><\/h1>\n<p class=\"p1\"><span class=\"s1\"><span style=\"font-family: Avenir-Book;\">Les dimanches et jours f\u00e9ri\u00e9s :\u00a0<\/span><\/span><\/p>\n<ul class=\"ul1\">\n<li class=\"li1\"><span style=\"font-family: Avenir-Book;\"><span class=\"s1\">Tous les groupes : d\u00e9part\u00a0<span dir=\"ltr\">\u00e0\u00a0<\/span><\/span><span class=\"s4\"><b><span dir=\"ltr\">9h30<\/span><\/b><\/span><span class=\"s1\">.<\/span><\/span><\/li>\n<\/ul>\n<p class=\"p1\"><span class=\"s1\"><span style=\"font-family: Avenir-Book;\">En semaine\u00a0: les mardis et jeudis\u00a0:<\/span><\/span><\/p>\n<ul class=\"ul1\">\n<li class=\"li1\"><span style=\"font-family: Avenir-Book;\"><span class=\"s1\">Tous les groupes : d\u00e9part\u00a0<span dir=\"ltr\">\u00e0\u00a0<\/span><\/span><span class=\"s4\"><b><span dir=\"ltr\">9h30<\/span><\/b><\/span><span class=\"s1\">.<\/span><\/span><\/li>\n<\/ul>\n<div>\n<p class=\"p1\">Rappel\u202f: la date limite d\u2019inscription est le\u00a07\u202foctobre pour le <b>Souper du Club<\/b> qui aura lieu le 18\u202foctobre.<\/p>\n<p class=\"p1\"><span class=\"s1\">Il reste encore des places\u202f! Ne tardez pas \u00e0 vous inscrire !<\/span><\/p>\n<\/div>\n<div><span style=\"font-family: Avenir-Book;\">\u00c0 venir : l\u2019Assembl\u00e9e G\u00e9n\u00e9rale le 26 novembre 2025<\/span><\/div>\n<div><span style=\"font-family: Avenir-Book;\">\u00a0<\/span><\/div>\n<div><span style=\"font-family: Avenir-Book;\">Bonne balade !<\/span><\/div>\n<div dir=\"ltr\">\n<p class=\"p1\"><b>Michel Mortier<\/b><\/p>\n<\/div>\n","protected":false},"excerpt":{"rendered":"<p>Horaire des sorties Les dimanches et jours f\u00e9ri\u00e9s :\u00a0 Tous les groupes : d\u00e9part\u00a0\u00e0\u00a09h30. En semaine\u00a0: les mardis et jeudis\u00a0: Tous les groupes : d\u00e9part\u00a0\u00e0\u00a09h30. Rappel\u202f: la date limite d\u2019inscription est le\u00a07\u202foctobre pour le Souper du Club qui aura lieu &hellip; <a href=\"https:\/\/cyclo-les-copains-de-wavre.be\/?p=509\">Continuer la lecture <span class=\"meta-nav\">&rarr;<\/span><\/a><\/p>\n","protected":false},"author":3,"featured_media":0,"comment_status":"closed","ping_status":"closed","sticky":false,"template":"","format":"aside","meta":{"footnotes":""},"categories":[39],"tags":[],"class_list":["post-509","post","type-post","status-publish","format-aside","hentry","category-vie-du-club","post_format-post-format-aside"],"_links":{"self":[{"href":"https:\/\/cyclo-les-copains-de-wavre.be\/index.php?rest_route=\/wp\/v2\/posts\/509","targetHints":{"allow":["GET"]}}],"collection":[{"href":"https:\/\/cyclo-les-copains-de-wavre.be\/index.php?rest_route=\/wp\/v2\/posts"}],"about":[{"href":"https:\/\/cyclo-les-copains-de-wavre.be\/index.php?rest_route=\/wp\/v2\/types\/post"}],"author":[{"embeddable":true,"href":"https:\/\/cyclo-les-copains-de-wavre.be\/index.php?rest_route=\/wp\/v2\/users\/3"}],"replies":[{"embeddable":true,"href":"https:\/\/cyclo-les-copains-de-wavre.be\/index.php?rest_route=%2Fwp%2Fv2%2Fcomments&post=509"}],"version-history":[{"count":1,"href":"https:\/\/cyclo-les-copains-de-wavre.be\/index.php?rest_route=\/wp\/v2\/posts\/509\/revisions"}],"predecessor-version":[{"id":510,"href":"https:\/\/cyclo-les-copains-de-wavre.be\/index.php?rest_route=\/wp\/v2\/posts\/509\/revisions\/510"}],"wp:attachment":[{"href":"https:\/\/cyclo-les-copains-de-wavre.be\/index.php?rest_route=%2Fwp%2Fv2%2Fmedia&parent=509"}],"wp:term":[{"taxonomy":"category","embeddable":true,"href":"https:\/\/cyclo-les-copains-de-wavre.be\/index.php?rest_route=%2Fwp%2Fv2%2Fcategories&post=509"},{"taxonomy":"post_tag","embeddable":true,"href":"https:\/\/cyclo-les-copains-de-wavre.be\/index.php?rest_route=%2Fwp%2Fv2%2Ftags&post=509"}],"curies":[{"name":"wp","href":"https:\/\/api.w.org\/{rel}","templated":true}]}}