{"id":497,"date":"2025-08-29T21:45:20","date_gmt":"2025-08-29T19:45:20","guid":{"rendered":"https:\/\/cyclo-les-copains-de-wavre.be\/?p=497"},"modified":"2025-10-05T13:52:45","modified_gmt":"2025-10-05T11:52:45","slug":"programme-de-septembre-2025","status":"publish","type":"post","link":"https:\/\/cyclo-les-copains-de-wavre.be\/?p=497","title":{"rendered":"programme de septembre 2025.\u00a0"},"content":{"rendered":"<p class=\"p1\"><span class=\"s1\"><span style=\"font-family: Avenir-Book;\"><img loading=\"lazy\" decoding=\"async\" class=\"alignnone  wp-image-378\" src=\"https:\/\/cyclo-les-copains-de-wavre.be\/wp-content\/uploads\/2025\/01\/actualites-300x183.jpg\" alt=\"\" width=\"120\" height=\"73\" srcset=\"https:\/\/cyclo-les-copains-de-wavre.be\/wp-content\/uploads\/2025\/01\/actualites-300x183.jpg 300w, https:\/\/cyclo-les-copains-de-wavre.be\/wp-content\/uploads\/2025\/01\/actualites-768x470.jpg 768w, https:\/\/cyclo-les-copains-de-wavre.be\/wp-content\/uploads\/2025\/01\/actualites.jpg 960w\" sizes=\"auto, (max-width: 120px) 100vw, 120px\" \/><\/span><\/span><\/p>\n<p class=\"p1\"><span class=\"s1\"><span style=\"font-family: Avenir-Book;\">Voici le programme de septembre 2025.\u00a0<\/span><\/span><\/p>\n<h1 class=\"p1\"><span class=\"s2\"><span style=\"font-family: Avenir-Book;\"><b><u>Horaire des sorties<\/u><\/b><\/span><\/span><\/h1>\n<p class=\"p1\"><span class=\"s1\"><span style=\"font-family: Avenir-Book;\">Les dimanches et jours f\u00e9ri\u00e9s :\u00a0<\/span><\/span><\/p>\n<ul class=\"ul1\">\n<li class=\"li1\"><span style=\"font-family: Avenir-Book;\"><span class=\"s1\">Tous les groupes : d\u00e9part \u00e0\u00a0<\/span><span class=\"s4\"><b>9h00<\/b><\/span><span class=\"s1\">.<\/span><\/span><\/li>\n<\/ul>\n<p class=\"p1\"><span class=\"s1\"><span style=\"font-family: Avenir-Book;\">En semaine\u00a0: les mardis et jeudis\u00a0:<\/span><\/span><\/p>\n<ul class=\"ul1\">\n<li class=\"li1\"><span style=\"font-family: Avenir-Book;\"><span class=\"s1\">Tous les groupes : d\u00e9part \u00e0\u00a0<\/span><span class=\"s4\"><b>9h30<\/b><\/span><span class=\"s1\">.<\/span><\/span><\/li>\n<\/ul>\n<h1 class=\"p1\"><span class=\"s4\"><span style=\"font-family: Avenir-Book;\"><b><u>Dimanche 14 septembre : journ\u00e9e de la mobilit\u00e9 \u00e0 Wavre<\/u><\/b><\/span><\/span><\/h1>\n<p class=\"p1\"><span class=\"s1\"><span style=\"font-family: Avenir-Book;\">Nous sommes invit\u00e9s par l&rsquo;\u00e9chevin de la mobilit\u00e9 \u00e0 participer \u00e0 cette journ\u00e9e.<\/span><\/span><\/p>\n<ul>\n<li>Chaque groupe prendra le d\u00e9part \u00e0 9h00 \u00e0 l&rsquo;h\u00f4tel de ville et fera son tour comme d&rsquo;habitude.<\/li>\n<li>Le centre ville sera ferm\u00e9 \u00e0 la circulation, donc, pour ceux qui viennent en voiture, rendez-vous \u00e0 La Raquette pour un d\u00e9part vers 8h45 pour l&rsquo;h\u00f4tel de ville.<\/li>\n<li>Il est possible que des cyclos non membres nous accompagnent (seuls les cyclos avec v\u00e9lo de route seront accept\u00e9s).<\/li>\n<li>Apr\u00e8s notre randonn\u00e9e, retour \u00e0 l&rsquo;h\u00f4tel de ville pour un drink<\/li>\n<\/ul>\n<p class=\"p1\"><b><span class=\"s1\"><span style=\"font-family: Avenir-Book;\">Nous esp\u00e9rons vous voir nombreux pour repr\u00e9senter notre club. \u00a0<\/span><\/span>Equipement club bien entendu.<\/b><\/p>\n<p class=\"p1\"><span class=\"s4\"><span style=\"font-family: Avenir-Book;\"><i>Si la m\u00e9t\u00e9o est mauvaise (pluie), nous ne participerons pas \u00e0 l&rsquo;\u00e9v\u00e8nement.<\/i><\/span><\/span><\/p>\n<h1 class=\"p1\"><span style=\"font-family: Avenir-Book;\"><b><span class=\"s5\">A venir<\/span><\/b><\/span><\/h1>\n<ul class=\"ul1\">\n<li class=\"li1\"><span style=\"font-family: Avenir-Book;\"><span class=\"s4\">samedi 18 octobre<\/span><span class=\"s1\">\u00a0: souper du club.<\/span><\/span><\/li>\n<\/ul>\n<p class=\"p1\"><span class=\"s1\"><span style=\"font-family: Avenir-Book;\">Infos et d\u00e9tails en temps utiles.<\/span><\/span><\/p>\n<p class=\"p1\"><span class=\"s1\"><span style=\"font-family: Avenir-Book;\">Bonne promenade !<\/span><\/span><\/p>\n<div dir=\"ltr\">\n<p class=\"p1\"><b>Michel Mortier<\/b><\/p>\n<p class=\"p1\"><span class=\"s1\">Secr\u00e9taire<\/span><\/p>\n<\/div>\n","protected":false},"excerpt":{"rendered":"<p>Voici le programme de septembre 2025.\u00a0 Horaire des sorties Les dimanches et jours f\u00e9ri\u00e9s :\u00a0 Tous les groupes : d\u00e9part \u00e0\u00a09h00. En semaine\u00a0: les mardis et jeudis\u00a0: Tous les groupes : d\u00e9part \u00e0\u00a09h30. Dimanche 14 septembre : journ\u00e9e de la &hellip; <a href=\"https:\/\/cyclo-les-copains-de-wavre.be\/?p=497\">Continuer la lecture <span class=\"meta-nav\">&rarr;<\/span><\/a><\/p>\n","protected":false},"author":3,"featured_media":0,"comment_status":"closed","ping_status":"closed","sticky":false,"template":"","format":"aside","meta":{"footnotes":""},"categories":[39],"tags":[],"class_list":["post-497","post","type-post","status-publish","format-aside","hentry","category-vie-du-club","post_format-post-format-aside"],"_links":{"self":[{"href":"https:\/\/cyclo-les-copains-de-wavre.be\/index.php?rest_route=\/wp\/v2\/posts\/497","targetHints":{"allow":["GET"]}}],"collection":[{"href":"https:\/\/cyclo-les-copains-de-wavre.be\/index.php?rest_route=\/wp\/v2\/posts"}],"about":[{"href":"https:\/\/cyclo-les-copains-de-wavre.be\/index.php?rest_route=\/wp\/v2\/types\/post"}],"author":[{"embeddable":true,"href":"https:\/\/cyclo-les-copains-de-wavre.be\/index.php?rest_route=\/wp\/v2\/users\/3"}],"replies":[{"embeddable":true,"href":"https:\/\/cyclo-les-copains-de-wavre.be\/index.php?rest_route=%2Fwp%2Fv2%2Fcomments&post=497"}],"version-history":[{"count":1,"href":"https:\/\/cyclo-les-copains-de-wavre.be\/index.php?rest_route=\/wp\/v2\/posts\/497\/revisions"}],"predecessor-version":[{"id":498,"href":"https:\/\/cyclo-les-copains-de-wavre.be\/index.php?rest_route=\/wp\/v2\/posts\/497\/revisions\/498"}],"wp:attachment":[{"href":"https:\/\/cyclo-les-copains-de-wavre.be\/index.php?rest_route=%2Fwp%2Fv2%2Fmedia&parent=497"}],"wp:term":[{"taxonomy":"category","embeddable":true,"href":"https:\/\/cyclo-les-copains-de-wavre.be\/index.php?rest_route=%2Fwp%2Fv2%2Fcategories&post=497"},{"taxonomy":"post_tag","embeddable":true,"href":"https:\/\/cyclo-les-copains-de-wavre.be\/index.php?rest_route=%2Fwp%2Fv2%2Ftags&post=497"}],"curies":[{"name":"wp","href":"https:\/\/api.w.org\/{rel}","templated":true}]}}