{"id":492,"date":"2025-08-18T22:06:59","date_gmt":"2025-08-18T20:06:59","guid":{"rendered":"https:\/\/cyclo-les-copains-de-wavre.be\/?p=492"},"modified":"2025-08-29T21:44:13","modified_gmt":"2025-08-29T19:44:13","slug":"sortie-vers-la-citadelle-de-namur","status":"publish","type":"post","link":"https:\/\/cyclo-les-copains-de-wavre.be\/?p=492","title":{"rendered":"sortie vers la Citadelle de Namur"},"content":{"rendered":"<p>Bonjour,<\/p>\n<p>Dimanche prochain, les Capitaines du groupe 2 organisent une sortie vers la Citadelle de Namur. Le trajet sera de 110 km et l\u2019allure sera celle du groupe 2.<\/p>\n<p>Le d\u00e9part est pr\u00e9vu \u00e0 8 h 30 et le retour au plus tard \u00e0 13 h.<\/p>\n<p>La mont\u00e9e de la Citadelle n\u2019est pas obligatoire.<\/p>\n<p>Bon dimanche !<\/p>\n<div>\n<p class=\"p1\"><span class=\"s1\"><b>Michel Mortier<\/b><\/span><\/p>\n<\/div>\n","protected":false},"excerpt":{"rendered":"<p>Bonjour, Dimanche prochain, les Capitaines du groupe 2 organisent une sortie vers la Citadelle de Namur. Le trajet sera de 110 km et l\u2019allure sera celle du groupe 2. Le d\u00e9part est pr\u00e9vu \u00e0 8 h 30 et le retour &hellip; <a href=\"https:\/\/cyclo-les-copains-de-wavre.be\/?p=492\">Continuer la lecture <span class=\"meta-nav\">&rarr;<\/span><\/a><\/p>\n","protected":false},"author":3,"featured_media":0,"comment_status":"closed","ping_status":"closed","sticky":false,"template":"","format":"aside","meta":{"footnotes":""},"categories":[10],"tags":[],"class_list":["post-492","post","type-post","status-publish","format-aside","hentry","category-evenements","post_format-post-format-aside"],"_links":{"self":[{"href":"https:\/\/cyclo-les-copains-de-wavre.be\/index.php?rest_route=\/wp\/v2\/posts\/492","targetHints":{"allow":["GET"]}}],"collection":[{"href":"https:\/\/cyclo-les-copains-de-wavre.be\/index.php?rest_route=\/wp\/v2\/posts"}],"about":[{"href":"https:\/\/cyclo-les-copains-de-wavre.be\/index.php?rest_route=\/wp\/v2\/types\/post"}],"author":[{"embeddable":true,"href":"https:\/\/cyclo-les-copains-de-wavre.be\/index.php?rest_route=\/wp\/v2\/users\/3"}],"replies":[{"embeddable":true,"href":"https:\/\/cyclo-les-copains-de-wavre.be\/index.php?rest_route=%2Fwp%2Fv2%2Fcomments&post=492"}],"version-history":[{"count":1,"href":"https:\/\/cyclo-les-copains-de-wavre.be\/index.php?rest_route=\/wp\/v2\/posts\/492\/revisions"}],"predecessor-version":[{"id":493,"href":"https:\/\/cyclo-les-copains-de-wavre.be\/index.php?rest_route=\/wp\/v2\/posts\/492\/revisions\/493"}],"wp:attachment":[{"href":"https:\/\/cyclo-les-copains-de-wavre.be\/index.php?rest_route=%2Fwp%2Fv2%2Fmedia&parent=492"}],"wp:term":[{"taxonomy":"category","embeddable":true,"href":"https:\/\/cyclo-les-copains-de-wavre.be\/index.php?rest_route=%2Fwp%2Fv2%2Fcategories&post=492"},{"taxonomy":"post_tag","embeddable":true,"href":"https:\/\/cyclo-les-copains-de-wavre.be\/index.php?rest_route=%2Fwp%2Fv2%2Ftags&post=492"}],"curies":[{"name":"wp","href":"https:\/\/api.w.org\/{rel}","templated":true}]}}