{"id":481,"date":"2025-07-28T22:58:51","date_gmt":"2025-07-28T20:58:51","guid":{"rendered":"https:\/\/cyclo-les-copains-de-wavre.be\/?p=481"},"modified":"2025-08-29T21:44:07","modified_gmt":"2025-08-29T19:44:07","slug":"programme-aout-2025","status":"publish","type":"post","link":"https:\/\/cyclo-les-copains-de-wavre.be\/?p=481","title":{"rendered":"Programme ao\u00fbt 2025"},"content":{"rendered":"<p><img loading=\"lazy\" decoding=\"async\" class=\"alignnone  wp-image-378\" src=\"https:\/\/cyclo-les-copains-de-wavre.be\/wp-content\/uploads\/2025\/01\/actualites-300x183.jpg\" alt=\"\" width=\"126\" height=\"77\" srcset=\"https:\/\/cyclo-les-copains-de-wavre.be\/wp-content\/uploads\/2025\/01\/actualites-300x183.jpg 300w, https:\/\/cyclo-les-copains-de-wavre.be\/wp-content\/uploads\/2025\/01\/actualites-768x470.jpg 768w, https:\/\/cyclo-les-copains-de-wavre.be\/wp-content\/uploads\/2025\/01\/actualites.jpg 960w\" sizes=\"auto, (max-width: 126px) 100vw, 126px\" \/><\/p>\n<div dir=\"ltr\"><span style=\"font-family: Devanagari Sangam MN;\">Bonsoir<\/span><b>,<\/b><\/div>\n<div dir=\"ltr\"><span style=\"font-family: Bradley Hand;\"><b>\u00a0<\/b><\/span><\/div>\n<p class=\"s7\"><span class=\"s6\"><span class=\"bumpedFont15\"><span style=\"font-family: Devanagari Sangam MN;\">Voici programme d\u2019ao\u00fbt 2025<\/span><\/span><\/span><\/p>\n<p class=\"s8\"><span style=\"font-family: Devanagari Sangam MN;\">\u00a0<\/span><\/p>\n<h1 class=\"s10\"><span class=\"s9\"><span class=\"bumpedFont15\"><span style=\"font-family: Devanagari Sangam MN;\">Horaire des sorties<\/span><\/span><\/span><\/h1>\n<p class=\"s10\"><span style=\"font-family: Devanagari Sangam MN;\">Les dimanches et jours f\u00e9ri\u00e9s :<br \/>\n<\/span><\/p>\n<ul>\n<li><span style=\"font-family: Devanagari Sangam MN;\"><span class=\"s11\"><span class=\"bumpedFont15\">G1 et G2 : d\u00e9part \u00e0\u00a0<\/span><\/span><span class=\"s13\"><span class=\"bumpedFont15\">8h30<\/span><\/span><span class=\"s11\"><span class=\"bumpedFont15\">.<\/span><\/span><\/span><\/li>\n<li><span style=\"font-family: Devanagari Sangam MN;\"><span class=\"s11\"><span class=\"bumpedFont15\">G3 et G4 : d\u00e9part \u00e0\u00a0<\/span><\/span><span class=\"s13\"><span class=\"bumpedFont15\">9h00<\/span><\/span><span class=\"s11\"><span class=\"bumpedFont15\">.<\/span><\/span><\/span><\/li>\n<\/ul>\n<p><span style=\"font-family: Devanagari Sangam MN;\">En semaine\u00a0: les mardis et jeudis\u00a0:<br \/>\n<\/span><\/p>\n<ul>\n<li><span style=\"font-family: Devanagari Sangam MN;\"><span class=\"s11\"><span class=\"bumpedFont15\">G1 et G2 : d\u00e9part \u00e0\u00a0<\/span><\/span><span class=\"s13\"><span class=\"bumpedFont15\">9h0<\/span><\/span><span class=\"s13\"><span class=\"bumpedFont15\">0<\/span><\/span><span class=\"s11\"><span class=\"bumpedFont15\">.<\/span><\/span><\/span><\/li>\n<li><span style=\"font-family: Devanagari Sangam MN;\"><span class=\"s11\"><span class=\"bumpedFont15\">G3 et G4 : d\u00e9part \u00e0\u00a0<\/span><\/span><span class=\"s13\"><span class=\"bumpedFont15\">9h30<\/span><\/span><span class=\"s11\"><span class=\"bumpedFont15\">.<\/span><\/span><\/span><\/li>\n<\/ul>\n<p>&nbsp;<\/p>\n<p class=\"s16\"><span style=\"font-family: Devanagari Sangam MN;\">\u00a0<\/span><\/p>\n<h1 class=\"s10\"><span style=\"color: #e22400; font-family: Devanagari Sangam MN;\"><u><span class=\"s9\"><span class=\"bumpedFont15\">Dimanche 3<\/span><\/span><span class=\"s9\"><span class=\"bumpedFont15\">\u00a0ao\u00fbt<\/span><\/span><\/u><\/span><\/h1>\n<p class=\"s17\"><span class=\"s11\"><span class=\"bumpedFont15\"><span style=\"font-family: Devanagari Sangam MN;\">Sortie organis\u00e9e en collaboration avec le Comit\u00e9 des f\u00eates de Bierges.<\/span><\/span><\/span><\/p>\n<p class=\"s17\"><span class=\"s11\"><span class=\"bumpedFont15\"><span style=\"font-family: Devanagari Sangam MN;\">Cette sortie est ouverte \u00e0 des cyclos qui ne sont pas de notre club, notre r\u00f4le sera de les encadrer pour un bon d\u00e9roulement des parcours.<\/span><\/span><\/span><\/p>\n<p class=\"s15\"><span class=\"s11\"><span class=\"bumpedFont15\"><span style=\"font-family: Devanagari Sangam MN;\">Lieu de d\u00e9part : <b>salle Jules Collette<\/b>.<\/span><\/span><\/span><\/p>\n<p class=\"s15\"><span class=\"s11\"><span class=\"bumpedFont15\"><span style=\"font-family: Devanagari Sangam MN;\">Adresse : <b>16 rue des Combattants 1301 Bierges<\/b>.<\/span><\/span><\/span><\/p>\n<p class=\"s15\"><span class=\"s11\"><span class=\"bumpedFont15\"><span style=\"font-family: Devanagari Sangam MN;\">Retour au m\u00eame endroit pour un drink.<\/span><\/span><\/span><\/p>\n<p class=\"s15\"><span class=\"s11\"><span class=\"bumpedFont15\"><span style=\"font-family: Devanagari Sangam MN;\">Pour ceux que cela int\u00e9ressent :<\/span><\/span><\/span><\/p>\n<p class=\"s18\">\n<ul>\n<li>rendez-vous \u00e0 8h30 \u00e0 La Raquette pour nous rendre en v\u00e9lo \u00e0 la salle Jules Colette.<\/li>\n<\/ul>\n<p>&nbsp;<\/p>\n<p class=\"s17\"><span class=\"s11\"><span class=\"bumpedFont15\"><span style=\"font-family: Devanagari Sangam MN;\">Pour les autres :<\/span><\/span><\/span><\/p>\n<p class=\"s19\">\n<ul>\n<li>rendez-vous au lieu de d\u00e9part \u00e0 8h45.<\/li>\n<\/ul>\n<p>&nbsp;<\/p>\n<p class=\"s21\"><span style=\"font-family: Devanagari Sangam MN;\"><b><span class=\"s9\"><span class=\"bumpedFont15\">D\u00e9part<\/span><\/span><span class=\"s20\"><span class=\"bumpedFont15\">\u00a0<\/span><\/span><span class=\"s9\"><span class=\"bumpedFont15\">des groupes \u00e0<\/span><\/span><span class=\"s20\"><span class=\"bumpedFont15\">\u00a0<\/span><\/span><span class=\"s9\"><span class=\"bumpedFont15\">9h00\u00a0<\/span><\/span><span class=\"s20\"><span class=\"bumpedFont15\">(heure pr\u00e9vue avec l&rsquo;organisation)<\/span><\/span><\/b><\/span><\/p>\n<p class=\"s17\"><span class=\"s11\"><span class=\"bumpedFont15\"><span style=\"font-family: Devanagari Sangam MN;\">Nos groupes font leur parcours comme d&rsquo;habitude en tenant compte des cyclos \u00ab\u00a0ext\u00e9rieurs\u00a0\u00bb.<\/span><\/span><\/span><\/p>\n<p class=\"s23\"><span class=\"s22\"><span class=\"bumpedFont15\"><span style=\"font-family: Devanagari Sangam MN;\">!! Retour des groupes 1 et 2 pr\u00e9vu entre 12h30 et 13h00.<\/span><\/span><\/span><\/p>\n<p class=\"s15\"><span class=\"s11\"><span class=\"bumpedFont15\"><span style=\"font-family: Devanagari Sangam MN;\">Tenue club bien entendu.<\/span><\/span><\/span><\/p>\n<p class=\"s24\"><span class=\"s20\"><span class=\"bumpedFont15\"><span style=\"font-family: Devanagari Sangam MN;\">Si la m\u00e9t\u00e9o est mauvaise (pluie), la sortie sera annul\u00e9e.<\/span><\/span><\/span><\/p>\n<p class=\"s25\"><span style=\"font-family: Devanagari Sangam MN;\">\u00a0<\/span><\/p>\n<h1 class=\"s26\"><span style=\"font-family: Devanagari Sangam MN;\"><span class=\"s9\"><span class=\"bumpedFont15\">Vendredi 15<\/span><\/span><span class=\"s9\"><span class=\"bumpedFont15\">\u00a0<\/span><\/span><span class=\"s9\"><span class=\"bumpedFont15\">ao\u00fbt<\/span><\/span><\/span><\/h1>\n<p class=\"s15\"><span class=\"s11\"><span class=\"bumpedFont15\"><span style=\"font-family: Devanagari Sangam MN;\">Jour f\u00e9ri\u00e9, horaire des sorties comme un dimanche.<\/span><\/span><\/span><\/p>\n<p class=\"s27\"><span style=\"font-family: Devanagari Sangam MN;\">\u00a0<\/span><\/p>\n<p class=\"s15\"><span style=\"font-family: Devanagari Sangam MN;\"><span class=\"s11\"><span class=\"bumpedFont15\">Nous pr\u00e9voyons<\/span><\/span><span class=\"s11\"><span class=\"bumpedFont15\">\u00a0une s\u00e9ance photos chez nos sponsors : soit le mardi 19 ao\u00fbt soit le mardi 26 ao\u00fbt.<\/span><\/span><\/span><\/p>\n<p class=\"s15\"><span class=\"s11\"><span class=\"bumpedFont15\"><span style=\"font-family: Devanagari Sangam MN;\">Infos et d\u00e9tails en temps utiles.<\/span><\/span><\/span><\/p>\n<p class=\"s15\"><span style=\"font-family: Devanagari Sangam MN;\">\u00a0<\/span><\/p>\n<p class=\"s24\"><span class=\"s20\"><span class=\"bumpedFont15\"><span style=\"font-family: Devanagari Sangam MN;\"><b>A venir<\/b> :<\/span><\/span><\/span><\/p>\n<p class=\"s15\">\n<ul>\n<li><span class=\"s11\"><span class=\"bumpedFont15\"><b>dimanche 14 septembre<\/b> :\u00a0<\/span><\/span><span class=\"s11\"><span class=\"bumpedFont15\">participation \u00e0 la\u00a0<\/span><\/span><span class=\"s11\"><span class=\"bumpedFont15\">journ\u00e9e mobilit\u00e9 \u00e0 Wavre<\/span><\/span><span class=\"s11\"><span class=\"bumpedFont15\">.<\/span><\/span><\/li>\n<li><b>samedi 18 octobre<\/b> : souper du club.<\/li>\n<\/ul>\n<p>Infos et d\u00e9tails en temps utiles.<\/p>\n<p>&nbsp;<\/p>\n<p class=\"s16\"><span style=\"font-family: Devanagari Sangam MN;\">\u00a0<\/span><\/p>\n<p class=\"s15\"><span class=\"s11\"><span class=\"bumpedFont15\"><span style=\"font-family: Devanagari Sangam MN;\">Bon v\u00e9lo !<\/span><\/span><\/span><\/p>\n<p class=\"s15\"><span class=\"s11\"><span class=\"bumpedFont15\"><span style=\"font-family: Devanagari Sangam MN;\">Votre comit\u00e9,<\/span><\/span><\/span><\/p>\n<p class=\"s28\">\u200b<\/p>\n<p class=\"s5\">\u00a0<b>Michel Mortier<\/b><\/p>\n<div dir=\"ltr\">\n<p class=\"p1\"><span class=\"s1\">Secr\u00e9taire<\/span><\/p>\n<\/div>\n","protected":false},"excerpt":{"rendered":"<p>Bonsoir, \u00a0 Voici programme d\u2019ao\u00fbt 2025 \u00a0 Horaire des sorties Les dimanches et jours f\u00e9ri\u00e9s : G1 et G2 : d\u00e9part \u00e0\u00a08h30. G3 et G4 : d\u00e9part \u00e0\u00a09h00. En semaine\u00a0: les mardis et jeudis\u00a0: G1 et G2 : d\u00e9part \u00e0\u00a09h00. &hellip; <a href=\"https:\/\/cyclo-les-copains-de-wavre.be\/?p=481\">Continuer la lecture <span class=\"meta-nav\">&rarr;<\/span><\/a><\/p>\n","protected":false},"author":3,"featured_media":0,"comment_status":"closed","ping_status":"closed","sticky":false,"template":"","format":"aside","meta":{"footnotes":""},"categories":[39],"tags":[],"class_list":["post-481","post","type-post","status-publish","format-aside","hentry","category-vie-du-club","post_format-post-format-aside"],"_links":{"self":[{"href":"https:\/\/cyclo-les-copains-de-wavre.be\/index.php?rest_route=\/wp\/v2\/posts\/481","targetHints":{"allow":["GET"]}}],"collection":[{"href":"https:\/\/cyclo-les-copains-de-wavre.be\/index.php?rest_route=\/wp\/v2\/posts"}],"about":[{"href":"https:\/\/cyclo-les-copains-de-wavre.be\/index.php?rest_route=\/wp\/v2\/types\/post"}],"author":[{"embeddable":true,"href":"https:\/\/cyclo-les-copains-de-wavre.be\/index.php?rest_route=\/wp\/v2\/users\/3"}],"replies":[{"embeddable":true,"href":"https:\/\/cyclo-les-copains-de-wavre.be\/index.php?rest_route=%2Fwp%2Fv2%2Fcomments&post=481"}],"version-history":[{"count":1,"href":"https:\/\/cyclo-les-copains-de-wavre.be\/index.php?rest_route=\/wp\/v2\/posts\/481\/revisions"}],"predecessor-version":[{"id":482,"href":"https:\/\/cyclo-les-copains-de-wavre.be\/index.php?rest_route=\/wp\/v2\/posts\/481\/revisions\/482"}],"wp:attachment":[{"href":"https:\/\/cyclo-les-copains-de-wavre.be\/index.php?rest_route=%2Fwp%2Fv2%2Fmedia&parent=481"}],"wp:term":[{"taxonomy":"category","embeddable":true,"href":"https:\/\/cyclo-les-copains-de-wavre.be\/index.php?rest_route=%2Fwp%2Fv2%2Fcategories&post=481"},{"taxonomy":"post_tag","embeddable":true,"href":"https:\/\/cyclo-les-copains-de-wavre.be\/index.php?rest_route=%2Fwp%2Fv2%2Ftags&post=481"}],"curies":[{"name":"wp","href":"https:\/\/api.w.org\/{rel}","templated":true}]}}