{"id":465,"date":"2025-06-28T22:59:31","date_gmt":"2025-06-28T20:59:31","guid":{"rendered":"https:\/\/cyclo-les-copains-de-wavre.be\/?p=465"},"modified":"2025-07-28T22:56:57","modified_gmt":"2025-07-28T20:56:57","slug":"programme-de-juillet-2025","status":"publish","type":"post","link":"https:\/\/cyclo-les-copains-de-wavre.be\/?p=465","title":{"rendered":"Programme de juillet 2025"},"content":{"rendered":"<p><img loading=\"lazy\" decoding=\"async\" class=\"alignnone  wp-image-378\" src=\"https:\/\/cyclo-les-copains-de-wavre.be\/wp-content\/uploads\/2025\/01\/actualites-300x183.jpg\" alt=\"\" width=\"143\" height=\"89\" \/><\/p>\n<p><strong><u>\u00a0<\/u><\/strong><\/p>\n<h1><strong><u>Horaire des sorties<\/u><\/strong><\/h1>\n<p>Les dimanches et jours f\u00e9ri\u00e9s :<\/p>\n<ul>\n<li>G1 et G2 : d\u00e9part \u00e0 <strong>8h30<\/strong>.<\/li>\n<li>G3 et G4 : d\u00e9part \u00e0 <strong>9h00<\/strong>.<\/li>\n<\/ul>\n<p>En semaine\u00a0: les mardis et jeudis\u00a0: d\u00e9part \u00e0 <strong>9h30<\/strong>.<\/p>\n<h1><\/h1>\n<h1><strong><u>Dimanche 6 juillet.<\/u><\/strong><\/h1>\n<p>Sortie organis\u00e9e en collaboration avec le Comit\u00e9 des f\u00eates de Limal.<\/p>\n<p>Cette sortie est ouverte \u00e0 des cyclos qui ne sont pas de notre club, notre r\u00f4le sera de les encadrer pour un bon d\u00e9roulement des parcours.<\/p>\n<p>Nos groupes 1, 2, 3 et 4 font leur parcours comme d&rsquo;habitude en tenant compte des cyclos \u00ab\u00a0ext\u00e9rieurs\u00a0\u00bb.<\/p>\n<p>Cette ann\u00e9e, pas de groupe 4 famille et pas de groupe v\u00e9los \u00e9lectriques (VTT ou VTC).<\/p>\n<p><u>Lieu de d\u00e9part<\/u> : centre sportif de Limal, rue Charles Jaumotte n\u00b0 156.<\/p>\n<p><strong><u>D\u00e9part<\/u><\/strong><strong><u> de tous les groupes \u00e0<\/u><\/strong><u> <strong>9h00 sur place.<\/strong><\/u><\/p>\n<p>Retour au m\u00eame endroit pour un drink.<\/p>\n<p><u>!! Retour des groupes 1 et 2 pr\u00e9vu entre 12h30 et 13h00.<\/u><\/p>\n<p>Pour ceux que cela int\u00e9ressent :<\/p>\n<p>&#8211; rendez-vous \u00e0 8h30 \u00e0 La Raquette pour nous rendre en v\u00e9lo au centre sportif de Limal.<\/p>\n<p>Pour les autres :<\/p>\n<p>&#8211; rendez-vous \u00e0 8h45 au lieu de d\u00e9part.<\/p>\n<p>Tenue club bien entendu.<\/p>\n<p><u>Si la m\u00e9t\u00e9o n&rsquo;est pas bonne (pluie), la sortie est annul\u00e9e<\/u>.<\/p>\n<p>&nbsp;<\/p>\n<h1><strong><u>Dimanche 13 juillet.<\/u><\/strong><\/h1>\n<p>Sorties habituelles suivies du BBQ \u00e0 La Raquette.<\/p>\n<p>D\u00e9but du <strong>BBQ<\/strong> pr\u00e9vu vers <strong>13h15<\/strong>. Vos amis et connaissances sont les bienvenus.<\/p>\n<p>Prix : BBQ + dessert : 22,00 \u20ac (hors boissons). Enfants moins de 12 ans : 12,00 \u20ac (hors boissons).<\/p>\n<p><u>Desserts propos\u00e9s :<\/u><\/p>\n<p>Dessert (1) : pavlova <strong><u>OU<\/u> <\/strong>Dessert (2) : grumble de fruits<\/p>\n<p><strong>Inscription (<\/strong><a href=\"mailto:moureau.draye81@   gmail.com\"><strong>moureau.draye81@@@ gmail.com<\/strong><\/a><strong>) pour le vendredi 4 juillet au plus tard.<\/strong><\/p>\n<p><strong>Payement sur le compte du club (BE60 7512 0470 2170) pour le vendredi 4 juillet au plus tard avec comme communication : votre nom + repas BBQ.<\/strong><\/p>\n<p><strong><u>Si la m\u00e9t\u00e9o n&rsquo;est pas bonne pour faire les sorties v\u00e9lo, le repas aura quand-m\u00eame lieu.<\/u><\/strong><\/p>\n<p><strong><u>\u00a0<\/u><\/strong><\/p>\n<p><strong><u>Lundi 21 juillet<\/u><\/strong><\/p>\n<p>Jour f\u00e9ri\u00e9, horaire des sorties comme un dimanche.<\/p>\n<p><u>\u00a0<\/u><\/p>\n<p><u>A venir<\/u><u> :<\/u><\/p>\n<p>&#8211; dimanche 3 ao\u00fbt : sortie comit\u00e9 des f\u00eates de Bi\u00e8rges.<\/p>\n<p>&#8211; dimanche 14 septembre : journ\u00e9e mobilit\u00e9 \u00e0 Wavre.<\/p>\n<p>&#8211; samedi 18 octobre : souper du club.<\/p>\n<p>Infos et d\u00e9tails en temps utiles.<\/p>\n<p>&nbsp;<\/p>\n<p>Bon v\u00e9lo<\/p>\n<p>Votre comit\u00e9<\/p>\n<p><strong>Michel Mortier<\/strong><\/p>\n<p>Secr\u00e9taire<\/p>\n","protected":false},"excerpt":{"rendered":"<p>\u00a0 Horaire des sorties Les dimanches et jours f\u00e9ri\u00e9s : G1 et G2 : d\u00e9part \u00e0 8h30. G3 et G4 : d\u00e9part \u00e0 9h00. En semaine\u00a0: les mardis et jeudis\u00a0: d\u00e9part \u00e0 9h30. Dimanche 6 juillet. Sortie organis\u00e9e en collaboration &hellip; <a href=\"https:\/\/cyclo-les-copains-de-wavre.be\/?p=465\">Continuer la lecture <span class=\"meta-nav\">&rarr;<\/span><\/a><\/p>\n","protected":false},"author":3,"featured_media":0,"comment_status":"closed","ping_status":"closed","sticky":false,"template":"","format":"aside","meta":{"footnotes":""},"categories":[39],"tags":[],"class_list":["post-465","post","type-post","status-publish","format-aside","hentry","category-vie-du-club","post_format-post-format-aside"],"_links":{"self":[{"href":"https:\/\/cyclo-les-copains-de-wavre.be\/index.php?rest_route=\/wp\/v2\/posts\/465","targetHints":{"allow":["GET"]}}],"collection":[{"href":"https:\/\/cyclo-les-copains-de-wavre.be\/index.php?rest_route=\/wp\/v2\/posts"}],"about":[{"href":"https:\/\/cyclo-les-copains-de-wavre.be\/index.php?rest_route=\/wp\/v2\/types\/post"}],"author":[{"embeddable":true,"href":"https:\/\/cyclo-les-copains-de-wavre.be\/index.php?rest_route=\/wp\/v2\/users\/3"}],"replies":[{"embeddable":true,"href":"https:\/\/cyclo-les-copains-de-wavre.be\/index.php?rest_route=%2Fwp%2Fv2%2Fcomments&post=465"}],"version-history":[{"count":1,"href":"https:\/\/cyclo-les-copains-de-wavre.be\/index.php?rest_route=\/wp\/v2\/posts\/465\/revisions"}],"predecessor-version":[{"id":466,"href":"https:\/\/cyclo-les-copains-de-wavre.be\/index.php?rest_route=\/wp\/v2\/posts\/465\/revisions\/466"}],"wp:attachment":[{"href":"https:\/\/cyclo-les-copains-de-wavre.be\/index.php?rest_route=%2Fwp%2Fv2%2Fmedia&parent=465"}],"wp:term":[{"taxonomy":"category","embeddable":true,"href":"https:\/\/cyclo-les-copains-de-wavre.be\/index.php?rest_route=%2Fwp%2Fv2%2Fcategories&post=465"},{"taxonomy":"post_tag","embeddable":true,"href":"https:\/\/cyclo-les-copains-de-wavre.be\/index.php?rest_route=%2Fwp%2Fv2%2Ftags&post=465"}],"curies":[{"name":"wp","href":"https:\/\/api.w.org\/{rel}","templated":true}]}}