{"id":458,"date":"2025-06-01T00:00:24","date_gmt":"2025-05-31T22:00:24","guid":{"rendered":"https:\/\/cyclo-les-copains-de-wavre.be\/?p=458"},"modified":"2025-06-28T22:59:53","modified_gmt":"2025-06-28T20:59:53","slug":"programme-de-juin-2025","status":"publish","type":"post","link":"https:\/\/cyclo-les-copains-de-wavre.be\/?p=458","title":{"rendered":"Programme de juin 2025"},"content":{"rendered":"<p><img loading=\"lazy\" decoding=\"async\" class=\"alignnone  wp-image-378\" src=\"https:\/\/cyclo-les-copains-de-wavre.be\/wp-content\/uploads\/2025\/01\/actualites-300x183.jpg\" alt=\"\" width=\"136\" height=\"67\" \/><\/p>\n<p class=\"p1\">Voici le programme de juin 2025<\/p>\n<h1 class=\"p1\"><span class=\"s2\">Horaire des sorties<\/span><\/h1>\n<h2 class=\"p1\"><span class=\"s3\">Les dimanches :\u00a0<\/span><\/h2>\n<p class=\"p1\"><span class=\"s3\">G1 et G2 : d\u00e9part \u00e0\u00a0<\/span><span class=\"s4\">8h30<\/span><\/p>\n<p class=\"p1\"><span class=\"s3\">G3 et G4 : d\u00e9part \u00e0\u00a0<\/span><span class=\"s4\">9h00<\/span><span class=\"s3\">.<\/span><\/p>\n<h2 class=\"p1\"><span class=\"s3\">En semaine :\u00a0<\/span><\/h2>\n<p class=\"p1\"><span class=\"s3\">les mardis et jeudis : d\u00e9part \u00e0\u00a0<\/span><span class=\"s4\">9h30<\/span><span class=\"s3\">.\u00a0<\/span><\/p>\n<h2><span class=\"s4\">Dimanche 1 juin\u00a0: la Roue Lensoise<\/span><\/h2>\n<ul>\n<li style=\"list-style-type: none;\">\n<ul class=\"ul1\">\n<li class=\"li1\"><span class=\"s3\">3 distances 20, 76 et 85 km<br \/>\nravitaillement sur les 2 parcours<\/span><\/li>\n<li class=\"li1\"><span class=\"s3\">Adresse : rue Paquot 2 (Football) \u00e0 4280 Lens Saint R\u00e9my<\/span><\/li>\n<li class=\"li1\"><span class=\"s3\">Douche possible<\/span><\/li>\n<li class=\"li1\"><span class=\"s3\">Tenue obligatoire :\u00a0<\/span><span class=\"s4\">La tenue du club est requise pour tous les participants<\/span><\/li>\n<li class=\"li1\"><span class=\"s4\">Affiche en attach\u00e9<\/span><span class=\"s3\">e<\/span><\/li>\n<li class=\"li1\"><span class=\"s3\">Si la m\u00e9t\u00e9o est mauvaise, la sortie est annul\u00e9e<\/span><\/li>\n<\/ul>\n<\/li>\n<\/ul>\n<p class=\"p1\"><span class=\"s3\">Plus d\u2019info \u00e0 venir<\/span><\/p>\n<h2><span class=\"s4\">Lundi 9 juin : Pentec\u00f4te\u00a0<\/span><\/h2>\n<ul>\n<li style=\"list-style-type: none;\">\n<ul class=\"ul1\">\n<li class=\"li1\"><span class=\"s3\">Jour f\u00e9ri\u00e9 : horaires du dimanche<\/span><\/li>\n<\/ul>\n<\/li>\n<\/ul>\n<p class=\"p1\"><span class=\"s3\">\u00c0 pr\u00e9voir dans vos agendas pour\u00a0<\/span><span class=\"s4\">juillet<\/span><\/p>\n<ul class=\"ul1\">\n<li class=\"li1\"><span class=\"s3\">6 juillet : Sortie \u00e0 Limal \u00ab\u00a0Journ\u00e9e des familles\u00a0\u00bb<\/span><\/li>\n<li class=\"li1\"><span class=\"s3\">13 juillet : BBQ<\/span><\/li>\n<\/ul>\n<div>Bonne soir\u00e9e et \u00e0 bient\u00f4t !<\/div>\n<div><\/div>\n<p class=\"p2\"><b>Michel Mortier<\/b><\/p>\n","protected":false},"excerpt":{"rendered":"<p>Voici le programme de juin 2025 Horaire des sorties Les dimanches :\u00a0 G1 et G2 : d\u00e9part \u00e0\u00a08h30 G3 et G4 : d\u00e9part \u00e0\u00a09h00. En semaine :\u00a0 les mardis et jeudis : d\u00e9part \u00e0\u00a09h30.\u00a0 Dimanche 1 juin\u00a0: la Roue Lensoise &hellip; <a href=\"https:\/\/cyclo-les-copains-de-wavre.be\/?p=458\">Continuer la lecture <span class=\"meta-nav\">&rarr;<\/span><\/a><\/p>\n","protected":false},"author":3,"featured_media":0,"comment_status":"closed","ping_status":"closed","sticky":false,"template":"","format":"aside","meta":{"footnotes":""},"categories":[39],"tags":[],"class_list":["post-458","post","type-post","status-publish","format-aside","hentry","category-vie-du-club","post_format-post-format-aside"],"_links":{"self":[{"href":"https:\/\/cyclo-les-copains-de-wavre.be\/index.php?rest_route=\/wp\/v2\/posts\/458","targetHints":{"allow":["GET"]}}],"collection":[{"href":"https:\/\/cyclo-les-copains-de-wavre.be\/index.php?rest_route=\/wp\/v2\/posts"}],"about":[{"href":"https:\/\/cyclo-les-copains-de-wavre.be\/index.php?rest_route=\/wp\/v2\/types\/post"}],"author":[{"embeddable":true,"href":"https:\/\/cyclo-les-copains-de-wavre.be\/index.php?rest_route=\/wp\/v2\/users\/3"}],"replies":[{"embeddable":true,"href":"https:\/\/cyclo-les-copains-de-wavre.be\/index.php?rest_route=%2Fwp%2Fv2%2Fcomments&post=458"}],"version-history":[{"count":1,"href":"https:\/\/cyclo-les-copains-de-wavre.be\/index.php?rest_route=\/wp\/v2\/posts\/458\/revisions"}],"predecessor-version":[{"id":459,"href":"https:\/\/cyclo-les-copains-de-wavre.be\/index.php?rest_route=\/wp\/v2\/posts\/458\/revisions\/459"}],"wp:attachment":[{"href":"https:\/\/cyclo-les-copains-de-wavre.be\/index.php?rest_route=%2Fwp%2Fv2%2Fmedia&parent=458"}],"wp:term":[{"taxonomy":"category","embeddable":true,"href":"https:\/\/cyclo-les-copains-de-wavre.be\/index.php?rest_route=%2Fwp%2Fv2%2Fcategories&post=458"},{"taxonomy":"post_tag","embeddable":true,"href":"https:\/\/cyclo-les-copains-de-wavre.be\/index.php?rest_route=%2Fwp%2Fv2%2Ftags&post=458"}],"curies":[{"name":"wp","href":"https:\/\/api.w.org\/{rel}","templated":true}]}}