{"id":446,"date":"2025-05-09T22:48:27","date_gmt":"2025-05-09T20:48:27","guid":{"rendered":"https:\/\/cyclo-les-copains-de-wavre.be\/?p=446"},"modified":"2025-06-28T23:00:00","modified_gmt":"2025-06-28T21:00:00","slug":"programme-de-mai-2025","status":"publish","type":"post","link":"https:\/\/cyclo-les-copains-de-wavre.be\/?p=446","title":{"rendered":"Programme de mai 2025"},"content":{"rendered":"<p><img loading=\"lazy\" decoding=\"async\" class=\"alignnone  wp-image-378\" src=\"https:\/\/cyclo-les-copains-de-wavre.be\/wp-content\/uploads\/2025\/01\/actualites-300x183.jpg\" alt=\"\" width=\"135\" height=\"101\" \/><\/p>\n<h1><strong><u>Horaire des sorties<\/u><\/strong><\/h1>\n<p>Les dimanches :<\/p>\n<p>G1 et G2 : d\u00e9part \u00e0 <strong>8h30<\/strong><\/p>\n<p>G3 et G4 : d\u00e9part \u00e0 <strong>9h00<\/strong>.<\/p>\n<p>En semaine : les mardis et jeudis : d\u00e9part \u00e0 <strong>9h30<\/strong>.<\/p>\n<ul data-editing-info=\"{&quot;orderedStyleType&quot;:1,&quot;unorderedStyleType&quot;:1}\">\n<li>\n<h2><strong>Jeudi 1 mai\u00a0<\/strong><strong>: F\u00eate du travail, jour f\u00e9ri\u00e9 -&gt; horaire du dimanche<\/strong><\/h2>\n<\/li>\n<\/ul>\n<ul data-editing-info=\"{&quot;orderedStyleType&quot;:1,&quot;unorderedStyleType&quot;:1}\">\n<li style=\"list-style-type: none;\">\n<ul>\n<li>Pour rappel, notre club participe \u00e0 la sortie\u00a0<strong>Mons-Chimay-Mons<\/strong> organis\u00e9e par la F\u00e9d\u00e9ration.<\/li>\n<li>D\u00e9tails de l&rsquo;\u00e9v\u00e9nement :\n<ul>\n<li>Parcours propos\u00e9s :\u00a0<strong>60 km, 115 km, 135 km<\/strong><\/li>\n<li>D\u00e9part principal : <strong>7h00 depuis La Raquette \u00e0 Wavre<\/strong><strong>\u00a0<\/strong><\/li>\n<li>D\u00e9part sur place pour le parcours de <strong>135 km : 8h30<\/strong><strong>\u00a0<\/strong><\/li>\n<li>Tenue obligatoire : <strong>La tenue du club est requise pour tous les participants.<\/strong><strong>\u00a0<\/strong><\/li>\n<\/ul>\n<\/li>\n<\/ul>\n<\/li>\n<\/ul>\n<ul data-editing-info=\"{&quot;orderedStyleType&quot;:1,&quot;unorderedStyleType&quot;:1}\">\n<li>\n<h2><strong>Dimanche 25 mai : La Vanco<\/strong><\/h2>\n<\/li>\n<\/ul>\n<ul data-editing-info=\"{&quot;orderedStyleType&quot;:1,&quot;unorderedStyleType&quot;:1}\">\n<li style=\"list-style-type: none;\">\n<ul>\n<li>Parcours propos\u00e9s\u00a0: <strong>60 km et 80 km<\/strong><\/li>\n<li>D\u00e9part <strong>: 9h00 depuis le\u00a0<\/strong><strong>Hall Omnisport, Avenue du Centre Sportif<\/strong><\/li>\n<li>Tenue obligatoire :\u00a0<strong>La tenue du club est requise pour tous les participants.<\/strong><strong>\u00a0<\/strong><\/li>\n<\/ul>\n<\/li>\n<\/ul>\n<p>Au plaisir de vous y voir nombreux !<\/p>\n<p>Bonne journ\u00e9e et \u00e0 bient\u00f4t.<\/p>\n<p>Pour le comit\u00e9,<\/p>\n<p><strong>Michel Mortier<\/strong><\/p>\n","protected":false},"excerpt":{"rendered":"<p>Horaire des sorties Les dimanches : G1 et G2 : d\u00e9part \u00e0 8h30 G3 et G4 : d\u00e9part \u00e0 9h00. En semaine : les mardis et jeudis : d\u00e9part \u00e0 9h30. Jeudi 1 mai\u00a0: F\u00eate du travail, jour f\u00e9ri\u00e9 -&gt; &hellip; <a href=\"https:\/\/cyclo-les-copains-de-wavre.be\/?p=446\">Continuer la lecture <span class=\"meta-nav\">&rarr;<\/span><\/a><\/p>\n","protected":false},"author":3,"featured_media":0,"comment_status":"closed","ping_status":"closed","sticky":false,"template":"","format":"aside","meta":{"footnotes":""},"categories":[39],"tags":[],"class_list":["post-446","post","type-post","status-publish","format-aside","hentry","category-vie-du-club","post_format-post-format-aside"],"_links":{"self":[{"href":"https:\/\/cyclo-les-copains-de-wavre.be\/index.php?rest_route=\/wp\/v2\/posts\/446","targetHints":{"allow":["GET"]}}],"collection":[{"href":"https:\/\/cyclo-les-copains-de-wavre.be\/index.php?rest_route=\/wp\/v2\/posts"}],"about":[{"href":"https:\/\/cyclo-les-copains-de-wavre.be\/index.php?rest_route=\/wp\/v2\/types\/post"}],"author":[{"embeddable":true,"href":"https:\/\/cyclo-les-copains-de-wavre.be\/index.php?rest_route=\/wp\/v2\/users\/3"}],"replies":[{"embeddable":true,"href":"https:\/\/cyclo-les-copains-de-wavre.be\/index.php?rest_route=%2Fwp%2Fv2%2Fcomments&post=446"}],"version-history":[{"count":1,"href":"https:\/\/cyclo-les-copains-de-wavre.be\/index.php?rest_route=\/wp\/v2\/posts\/446\/revisions"}],"predecessor-version":[{"id":447,"href":"https:\/\/cyclo-les-copains-de-wavre.be\/index.php?rest_route=\/wp\/v2\/posts\/446\/revisions\/447"}],"wp:attachment":[{"href":"https:\/\/cyclo-les-copains-de-wavre.be\/index.php?rest_route=%2Fwp%2Fv2%2Fmedia&parent=446"}],"wp:term":[{"taxonomy":"category","embeddable":true,"href":"https:\/\/cyclo-les-copains-de-wavre.be\/index.php?rest_route=%2Fwp%2Fv2%2Fcategories&post=446"},{"taxonomy":"post_tag","embeddable":true,"href":"https:\/\/cyclo-les-copains-de-wavre.be\/index.php?rest_route=%2Fwp%2Fv2%2Ftags&post=446"}],"curies":[{"name":"wp","href":"https:\/\/api.w.org\/{rel}","templated":true}]}}