{"id":434,"date":"2025-04-05T19:41:40","date_gmt":"2025-04-05T17:41:40","guid":{"rendered":"https:\/\/cyclo-les-copains-de-wavre.be\/?p=434"},"modified":"2025-05-09T22:48:47","modified_gmt":"2025-05-09T20:48:47","slug":"programme-avril-2025","status":"publish","type":"post","link":"https:\/\/cyclo-les-copains-de-wavre.be\/?p=434","title":{"rendered":"Programme avril 2025"},"content":{"rendered":"<p><img loading=\"lazy\" decoding=\"async\" class=\"alignnone  wp-image-378\" src=\"https:\/\/cyclo-les-copains-de-wavre.be\/wp-content\/uploads\/2025\/01\/actualites-300x183.jpg\" alt=\"\" width=\"134\" height=\"82\" srcset=\"https:\/\/cyclo-les-copains-de-wavre.be\/wp-content\/uploads\/2025\/01\/actualites-300x183.jpg 300w, https:\/\/cyclo-les-copains-de-wavre.be\/wp-content\/uploads\/2025\/01\/actualites-768x470.jpg 768w, https:\/\/cyclo-les-copains-de-wavre.be\/wp-content\/uploads\/2025\/01\/actualites.jpg 960w\" sizes=\"auto, (max-width: 134px) 100vw, 134px\" \/><\/p>\n<h1><b><u>Horaire des sorties<\/u><\/b><\/h1>\n<p>Les dimanches :<\/p>\n<p>G1 et G2 : d\u00e9part \u00e0\u00a0<b>9h00<\/b>.<\/p>\n<p>G3 et G4 : d\u00e9part \u00e0\u00a0<b>9h30<\/b>.<\/p>\n<p>En semaine\u00a0: les mardis et jeudis\u00a0: d\u00e9part \u00e0\u00a0<b>9h30<\/b>.<\/p>\n<h1><b><u>Lundi 21 avril\u00a0<\/u><\/b><b>\u00a0: Lundi de P\u00e2ques, jour f\u00e9ri\u00e9 -&gt; horaire du dimanche<\/b><\/h1>\n<p>A bient\u00f4t<\/p>\n<p>Pour le comit\u00e9,<\/p>\n<p><b>Michel Mortier<\/b><\/p>\n","protected":false},"excerpt":{"rendered":"<p>Horaire des sorties Les dimanches : G1 et G2 : d\u00e9part \u00e0\u00a09h00. G3 et G4 : d\u00e9part \u00e0\u00a09h30. En semaine\u00a0: les mardis et jeudis\u00a0: d\u00e9part \u00e0\u00a09h30. Lundi 21 avril\u00a0\u00a0: Lundi de P\u00e2ques, jour f\u00e9ri\u00e9 -&gt; horaire du dimanche A bient\u00f4t &hellip; <a href=\"https:\/\/cyclo-les-copains-de-wavre.be\/?p=434\">Continuer la lecture <span class=\"meta-nav\">&rarr;<\/span><\/a><\/p>\n","protected":false},"author":3,"featured_media":0,"comment_status":"closed","ping_status":"closed","sticky":false,"template":"","format":"aside","meta":{"footnotes":""},"categories":[39],"tags":[],"class_list":["post-434","post","type-post","status-publish","format-aside","hentry","category-vie-du-club","post_format-post-format-aside"],"_links":{"self":[{"href":"https:\/\/cyclo-les-copains-de-wavre.be\/index.php?rest_route=\/wp\/v2\/posts\/434","targetHints":{"allow":["GET"]}}],"collection":[{"href":"https:\/\/cyclo-les-copains-de-wavre.be\/index.php?rest_route=\/wp\/v2\/posts"}],"about":[{"href":"https:\/\/cyclo-les-copains-de-wavre.be\/index.php?rest_route=\/wp\/v2\/types\/post"}],"author":[{"embeddable":true,"href":"https:\/\/cyclo-les-copains-de-wavre.be\/index.php?rest_route=\/wp\/v2\/users\/3"}],"replies":[{"embeddable":true,"href":"https:\/\/cyclo-les-copains-de-wavre.be\/index.php?rest_route=%2Fwp%2Fv2%2Fcomments&post=434"}],"version-history":[{"count":1,"href":"https:\/\/cyclo-les-copains-de-wavre.be\/index.php?rest_route=\/wp\/v2\/posts\/434\/revisions"}],"predecessor-version":[{"id":435,"href":"https:\/\/cyclo-les-copains-de-wavre.be\/index.php?rest_route=\/wp\/v2\/posts\/434\/revisions\/435"}],"wp:attachment":[{"href":"https:\/\/cyclo-les-copains-de-wavre.be\/index.php?rest_route=%2Fwp%2Fv2%2Fmedia&parent=434"}],"wp:term":[{"taxonomy":"category","embeddable":true,"href":"https:\/\/cyclo-les-copains-de-wavre.be\/index.php?rest_route=%2Fwp%2Fv2%2Fcategories&post=434"},{"taxonomy":"post_tag","embeddable":true,"href":"https:\/\/cyclo-les-copains-de-wavre.be\/index.php?rest_route=%2Fwp%2Fv2%2Ftags&post=434"}],"curies":[{"name":"wp","href":"https:\/\/api.w.org\/{rel}","templated":true}]}}