{"id":411,"date":"2025-02-25T12:25:59","date_gmt":"2025-02-25T11:25:59","guid":{"rendered":"https:\/\/cyclo-les-copains-de-wavre.be\/?p=411"},"modified":"2025-04-05T19:40:20","modified_gmt":"2025-04-05T17:40:20","slug":"programme-mars-2025","status":"publish","type":"post","link":"https:\/\/cyclo-les-copains-de-wavre.be\/?p=411","title":{"rendered":"Programme mars 2025"},"content":{"rendered":"<p><img loading=\"lazy\" decoding=\"async\" class=\"alignnone wp-image-378\" src=\"https:\/\/cyclo-les-copains-de-wavre.be\/wp-content\/uploads\/2025\/01\/actualites-300x183.jpg\" alt=\"\" width=\"93\" height=\"57\" srcset=\"https:\/\/cyclo-les-copains-de-wavre.be\/wp-content\/uploads\/2025\/01\/actualites-300x183.jpg 300w, https:\/\/cyclo-les-copains-de-wavre.be\/wp-content\/uploads\/2025\/01\/actualites-768x470.jpg 768w, https:\/\/cyclo-les-copains-de-wavre.be\/wp-content\/uploads\/2025\/01\/actualites.jpg 960w\" sizes=\"auto, (max-width: 93px) 100vw, 93px\" \/><\/p>\n<p>Salut les marmottes !<\/p>\n<p>Comme chaque ann\u00e9e \u00e0 cette p\u00e9riode, le temps est venu d&rsquo;ouvrir l&rsquo;\u0153il, de mettre le nez dehors et de remonter sur votre v\u00e9lo.<\/p>\n<p><strong><u>\u00a0<\/u><\/strong><\/p>\n<h1><strong><u>Programme mars 2025<\/u><\/strong><\/h1>\n<h2><strong><u>Horaire des sorties<\/u><\/strong><\/h2>\n<p>Les dimanches : tous les groupes\u00a0: d\u00e9part \u00e0 <strong>9h30<\/strong>.<\/p>\n<p>En semaine\u00a0: les mardis et jeudis\u00a0: d\u00e9part \u00e0 <strong>9h30<\/strong>.<\/p>\n<h2><strong><u>Dimanche 2 mars<\/u><\/strong> <strong>:<\/strong><\/h2>\n<p>Premi\u00e8re sortie de la saison guid\u00e9e par les capitaines de groupe.<\/p>\n<h2><strong><u>Dimanche 16 mars\u00a0<\/u><\/strong><\/h2>\n<p>Repas \u00e0 La Raquette apr\u00e8s nos sorties habituelles.<strong><u>\u00a0<\/u><\/strong><\/p>\n<p><u>Plats propos\u00e9s :\u00a0<\/u><\/p>\n<p>Plat (1) : Mignon de veau avec thym, miel, l\u00e9gumes d&rsquo;hiver et gratin dauphinois.<\/p>\n<p><strong>\u00a0\u00a0\u00a0\u00a0\u00a0\u00a0 <u>OU\u00a0<\/u><\/strong><\/p>\n<p>Plat (2) : Dos de cabillaud \u00e0 l&rsquo;Ostendaise.<\/p>\n<p><u>Desserts propos\u00e9s :\u00a0<\/u><\/p>\n<p>Dessert (1) : Crumble pomme-poire<\/p>\n<p><strong><u>OU<\/u><\/strong><\/p>\n<p>Dessert (2) : Saint Honor\u00e9<\/p>\n<p>Prix : 22,00 \u20ac hors boissons.<\/p>\n<p>Enfants moins de 12 ans : 12,00 \u20ac (hors boissons).<\/p>\n<p>D\u00e9but du repas vers 13h00.<\/p>\n<p>Vos amis et connaissances sont les bienvenus.<\/p>\n<p><strong><u>Pour le repas, merci de communiquer vos choix \u00e0 notre tr\u00e9sorier Rudi Arens (rudi.arens [ARROBAS]yahoo.fr) pour le vendredi 7 mars au plus tard.\u00a0<\/u><\/strong><\/p>\n<p><strong><u>Payement sur le compte du club (BE60 7512 0470 2170) pour le vendredi 7 mars au plus tard avec comme communication : votre nom + repas 16 mars.\u00a0<\/u><\/strong><\/p>\n<p><u>\u00a0<\/u><\/p>\n<p><strong><u>Si la m\u00e9t\u00e9o n&rsquo;est pas bonne pour faire les sorties v\u00e9lo, le repas aura quand-m\u00eame lieu.\u00a0<\/u><\/strong><\/p>\n<h2><strong><u>Dimanche 23 mars\u00a0<\/u><\/strong><\/h2>\n<p>Apr\u00e8s nos sorties v\u00e9lo, drink de d\u00e9but de saison (si la m\u00e9t\u00e9o est bonne pour nos sorties v\u00e9lo).<\/p>\n<h1><strong><u>Equipements\u00a0<\/u><\/strong><\/h1>\n<p>Pour ceux qui ont command\u00e9s des \u00e9quipements.<\/p>\n<p>La commande est partie le 29 janvier.<\/p>\n<p>Il faut compter +\/- 8 semaines de fabrication.<\/p>\n<p>Vous serez pr\u00e9venus pour le payement et la distribution.<\/p>\n<p>Bonne reprise \u00e0 toutes et \u00e0 tous et \u00e0 bient\u00f4t.<\/p>\n<p>Votre comit\u00e9<\/p>\n<p><strong>Michel Mortier<\/strong><\/p>\n","protected":false},"excerpt":{"rendered":"<p>Salut les marmottes ! Comme chaque ann\u00e9e \u00e0 cette p\u00e9riode, le temps est venu d&rsquo;ouvrir l&rsquo;\u0153il, de mettre le nez dehors et de remonter sur votre v\u00e9lo. \u00a0 Programme mars 2025 Horaire des sorties Les dimanches : tous les groupes\u00a0: &hellip; <a href=\"https:\/\/cyclo-les-copains-de-wavre.be\/?p=411\">Continuer la lecture <span class=\"meta-nav\">&rarr;<\/span><\/a><\/p>\n","protected":false},"author":3,"featured_media":0,"comment_status":"closed","ping_status":"closed","sticky":false,"template":"","format":"aside","meta":{"footnotes":""},"categories":[11,10,39],"tags":[],"class_list":["post-411","post","type-post","status-publish","format-aside","hentry","category-calendrier","category-evenements","category-vie-du-club","post_format-post-format-aside"],"_links":{"self":[{"href":"https:\/\/cyclo-les-copains-de-wavre.be\/index.php?rest_route=\/wp\/v2\/posts\/411","targetHints":{"allow":["GET"]}}],"collection":[{"href":"https:\/\/cyclo-les-copains-de-wavre.be\/index.php?rest_route=\/wp\/v2\/posts"}],"about":[{"href":"https:\/\/cyclo-les-copains-de-wavre.be\/index.php?rest_route=\/wp\/v2\/types\/post"}],"author":[{"embeddable":true,"href":"https:\/\/cyclo-les-copains-de-wavre.be\/index.php?rest_route=\/wp\/v2\/users\/3"}],"replies":[{"embeddable":true,"href":"https:\/\/cyclo-les-copains-de-wavre.be\/index.php?rest_route=%2Fwp%2Fv2%2Fcomments&post=411"}],"version-history":[{"count":2,"href":"https:\/\/cyclo-les-copains-de-wavre.be\/index.php?rest_route=\/wp\/v2\/posts\/411\/revisions"}],"predecessor-version":[{"id":415,"href":"https:\/\/cyclo-les-copains-de-wavre.be\/index.php?rest_route=\/wp\/v2\/posts\/411\/revisions\/415"}],"wp:attachment":[{"href":"https:\/\/cyclo-les-copains-de-wavre.be\/index.php?rest_route=%2Fwp%2Fv2%2Fmedia&parent=411"}],"wp:term":[{"taxonomy":"category","embeddable":true,"href":"https:\/\/cyclo-les-copains-de-wavre.be\/index.php?rest_route=%2Fwp%2Fv2%2Fcategories&post=411"},{"taxonomy":"post_tag","embeddable":true,"href":"https:\/\/cyclo-les-copains-de-wavre.be\/index.php?rest_route=%2Fwp%2Fv2%2Ftags&post=411"}],"curies":[{"name":"wp","href":"https:\/\/api.w.org\/{rel}","templated":true}]}}