{"id":402,"date":"2025-01-13T22:50:22","date_gmt":"2025-01-13T21:50:22","guid":{"rendered":"https:\/\/cyclo-les-copains-de-wavre.be\/?p=402"},"modified":"2025-02-09T20:14:23","modified_gmt":"2025-02-09T19:14:23","slug":"seance-dessayage-de-lequipement-23-janvier","status":"publish","type":"post","link":"https:\/\/cyclo-les-copains-de-wavre.be\/?p=402","title":{"rendered":"S\u00e9ance d&rsquo;essayage de l&rsquo;\u00e9quipement &#8211; 23 janvier"},"content":{"rendered":"<div>\n<p><img loading=\"lazy\" decoding=\"async\" class=\"alignnone size-medium wp-image-337\" src=\"https:\/\/cyclo-les-copains-de-wavre.be\/wp-content\/uploads\/2024\/06\/20240514_065619mod-300x103.jpg\" alt=\"\" width=\"300\" height=\"103\" srcset=\"https:\/\/cyclo-les-copains-de-wavre.be\/wp-content\/uploads\/2024\/06\/20240514_065619mod-300x103.jpg 300w, https:\/\/cyclo-les-copains-de-wavre.be\/wp-content\/uploads\/2024\/06\/20240514_065619mod-1024x352.jpg 1024w, https:\/\/cyclo-les-copains-de-wavre.be\/wp-content\/uploads\/2024\/06\/20240514_065619mod-768x264.jpg 768w, https:\/\/cyclo-les-copains-de-wavre.be\/wp-content\/uploads\/2024\/06\/20240514_065619mod-1536x528.jpg 1536w, https:\/\/cyclo-les-copains-de-wavre.be\/wp-content\/uploads\/2024\/06\/20240514_065619mod.jpg 1600w\" sizes=\"auto, (max-width: 300px) 100vw, 300px\" \/><\/p>\n<p>Bonsoir,<\/p>\n<p>Nous avons le plaisir de vous informer qu&rsquo;une s\u00e9ance d&rsquo;essayage de l&rsquo;\u00e9quipement est organis\u00e9e le <strong>23 janvier<\/strong>, de <strong>18h30 \u00e0 20h00<\/strong>, au REW. Vous trouverez ci-dessous les coordonn\u00e9es pour vous y rendre.<\/p>\n<div><b>REW SC\u00a0\u00a0: Rue Provinciale 265, 1301 Wavre<\/b><\/div>\n<div><a href=\"https:\/\/www.google.com\/maps\/place\/REW+SC\/@50.7050966,4.5855252,1061m\/data=!3m2!1e3!4b1!4m6!3m5!1s0x47c17d764b24a19f:0x53bc04c15b8f3c34!8m2!3d50.7050966!4d4.5881001!16s%2Fg%2F1pxwjyg6p?entry=ttu&amp;g_ep=EgoyMDI1MDEwOC4wIKXMDSoASAFQAw%3D%3D\" target=\"_blank\" rel=\"noreferrer nofollow noopener\">https:\/\/www.google.com\/maps\/place\/REW+SC\/@50.7050966,4.5855252,1061m\/data=!3m2!1e3!4b1!4m6!3m5!1s0x47c17d764b24a19f:0x53bc04c15b8f3c34!8m2!3d50.7050966!4d4.5881001!16s%2Fg%2F1pxwjyg6p?entry=ttu&amp;g_ep=EgoyMDI1MDEwOC4wIKXMDSoASAFQAw%3D%3D<\/a><\/div>\n<p>Si vous souhaitez compl\u00e9ter votre \u00e9quipement, merci de bien vouloir envoyer un courriel avec la liste des pi\u00e8ces suppl\u00e9mentaires souhait\u00e9es, <strong>avant le 20 janvier<\/strong>. Une liste d\u00e9taill\u00e9e est jointe \u00e0 ce courriel pour vous aider dans vos choix.<\/p>\n<p>Pour les nouveaux membres, l&rsquo;\u00e9quipement obligatoire se compose d&rsquo;un cuissard, d&rsquo;un maillot et d&rsquo;une veste mi-saison. Vous pourrez proc\u00e9der \u00e0 l&rsquo;essayage le 23 janvier.<\/p>\n<p>A bient\u00f4t<\/p>\n<\/div>\n<div>Pour le Comit\u00e9,<\/div>\n<div><\/div>\n<div class=\"protonmail_signature_block\">\n<div class=\"protonmail_signature_block-user\"><b>Michel Mortier<\/b><\/div>\n<\/div>\n","protected":false},"excerpt":{"rendered":"<p>Bonsoir, Nous avons le plaisir de vous informer qu&rsquo;une s\u00e9ance d&rsquo;essayage de l&rsquo;\u00e9quipement est organis\u00e9e le 23 janvier, de 18h30 \u00e0 20h00, au REW. Vous trouverez ci-dessous les coordonn\u00e9es pour vous y rendre. REW SC\u00a0\u00a0: Rue Provinciale 265, 1301 Wavre &hellip; <a href=\"https:\/\/cyclo-les-copains-de-wavre.be\/?p=402\">Continuer la lecture <span class=\"meta-nav\">&rarr;<\/span><\/a><\/p>\n","protected":false},"author":3,"featured_media":0,"comment_status":"closed","ping_status":"closed","sticky":false,"template":"","format":"aside","meta":{"footnotes":""},"categories":[39],"tags":[],"class_list":["post-402","post","type-post","status-publish","format-aside","hentry","category-vie-du-club","post_format-post-format-aside"],"_links":{"self":[{"href":"https:\/\/cyclo-les-copains-de-wavre.be\/index.php?rest_route=\/wp\/v2\/posts\/402","targetHints":{"allow":["GET"]}}],"collection":[{"href":"https:\/\/cyclo-les-copains-de-wavre.be\/index.php?rest_route=\/wp\/v2\/posts"}],"about":[{"href":"https:\/\/cyclo-les-copains-de-wavre.be\/index.php?rest_route=\/wp\/v2\/types\/post"}],"author":[{"embeddable":true,"href":"https:\/\/cyclo-les-copains-de-wavre.be\/index.php?rest_route=\/wp\/v2\/users\/3"}],"replies":[{"embeddable":true,"href":"https:\/\/cyclo-les-copains-de-wavre.be\/index.php?rest_route=%2Fwp%2Fv2%2Fcomments&post=402"}],"version-history":[{"count":2,"href":"https:\/\/cyclo-les-copains-de-wavre.be\/index.php?rest_route=\/wp\/v2\/posts\/402\/revisions"}],"predecessor-version":[{"id":404,"href":"https:\/\/cyclo-les-copains-de-wavre.be\/index.php?rest_route=\/wp\/v2\/posts\/402\/revisions\/404"}],"wp:attachment":[{"href":"https:\/\/cyclo-les-copains-de-wavre.be\/index.php?rest_route=%2Fwp%2Fv2%2Fmedia&parent=402"}],"wp:term":[{"taxonomy":"category","embeddable":true,"href":"https:\/\/cyclo-les-copains-de-wavre.be\/index.php?rest_route=%2Fwp%2Fv2%2Fcategories&post=402"},{"taxonomy":"post_tag","embeddable":true,"href":"https:\/\/cyclo-les-copains-de-wavre.be\/index.php?rest_route=%2Fwp%2Fv2%2Ftags&post=402"}],"curies":[{"name":"wp","href":"https:\/\/api.w.org\/{rel}","templated":true}]}}