{"id":398,"date":"2025-01-03T22:19:52","date_gmt":"2025-01-03T21:19:52","guid":{"rendered":"https:\/\/cyclo-les-copains-de-wavre.be\/?p=398"},"modified":"2025-02-09T20:14:23","modified_gmt":"2025-02-09T19:14:23","slug":"bonne-annee","status":"publish","type":"post","link":"https:\/\/cyclo-les-copains-de-wavre.be\/?p=398","title":{"rendered":"Bonne ann\u00e9e !"},"content":{"rendered":"<div><\/div>\n<div><img loading=\"lazy\" decoding=\"async\" class=\"alignnone wp-image-399 size-medium\" src=\"https:\/\/cyclo-les-copains-de-wavre.be\/wp-content\/uploads\/2025\/01\/image-300x168.png\" alt=\"\" width=\"300\" height=\"168\" srcset=\"https:\/\/cyclo-les-copains-de-wavre.be\/wp-content\/uploads\/2025\/01\/image-300x168.png 300w, https:\/\/cyclo-les-copains-de-wavre.be\/wp-content\/uploads\/2025\/01\/image-1024x574.png 1024w, https:\/\/cyclo-les-copains-de-wavre.be\/wp-content\/uploads\/2025\/01\/image-768x431.png 768w, https:\/\/cyclo-les-copains-de-wavre.be\/wp-content\/uploads\/2025\/01\/image.png 1136w\" sizes=\"auto, (max-width: 300px) 100vw, 300px\" \/><\/div>\n<div>Ch\u00e8res et chers membres,<\/div>\n<div><\/div>\n<div>\n<div>\u00c0 l\u2019occasion de cette nouvelle ann\u00e9e 2025, je tiens \u00e0 vous adresser, au nom du Comit\u00e9, mes meilleurs v\u0153ux de bonheur, de sant\u00e9 et de r\u00e9ussite.<\/div>\n<p>Que cette ann\u00e9e soit emplie de belles sorties \u00e0 v\u00e9lo, de moments conviviaux et de nouveaux d\u00e9fis \u00e0 relever ensemble.<\/p>\n<\/div>\n<div><\/div>\n<div>Merci pour votre engagement et votre enthousiasme, qui font la force de notre Club. Nous avons h\u00e2te de vous retrouver sur les routes pour de nouvelles aventures !<\/div>\n<div>Sportivement,<\/div>\n<div><\/div>\n<div>Pour le Comit\u00e9,<\/div>\n","protected":false},"excerpt":{"rendered":"<p>Ch\u00e8res et chers membres, \u00c0 l\u2019occasion de cette nouvelle ann\u00e9e 2025, je tiens \u00e0 vous adresser, au nom du Comit\u00e9, mes meilleurs v\u0153ux de bonheur, de sant\u00e9 et de r\u00e9ussite. Que cette ann\u00e9e soit emplie de belles sorties \u00e0 v\u00e9lo, &hellip; <a href=\"https:\/\/cyclo-les-copains-de-wavre.be\/?p=398\">Continuer la lecture <span class=\"meta-nav\">&rarr;<\/span><\/a><\/p>\n","protected":false},"author":3,"featured_media":0,"comment_status":"closed","ping_status":"open","sticky":false,"template":"","format":"aside","meta":{"footnotes":""},"categories":[39],"tags":[],"class_list":["post-398","post","type-post","status-publish","format-aside","hentry","category-vie-du-club","post_format-post-format-aside"],"_links":{"self":[{"href":"https:\/\/cyclo-les-copains-de-wavre.be\/index.php?rest_route=\/wp\/v2\/posts\/398","targetHints":{"allow":["GET"]}}],"collection":[{"href":"https:\/\/cyclo-les-copains-de-wavre.be\/index.php?rest_route=\/wp\/v2\/posts"}],"about":[{"href":"https:\/\/cyclo-les-copains-de-wavre.be\/index.php?rest_route=\/wp\/v2\/types\/post"}],"author":[{"embeddable":true,"href":"https:\/\/cyclo-les-copains-de-wavre.be\/index.php?rest_route=\/wp\/v2\/users\/3"}],"replies":[{"embeddable":true,"href":"https:\/\/cyclo-les-copains-de-wavre.be\/index.php?rest_route=%2Fwp%2Fv2%2Fcomments&post=398"}],"version-history":[{"count":2,"href":"https:\/\/cyclo-les-copains-de-wavre.be\/index.php?rest_route=\/wp\/v2\/posts\/398\/revisions"}],"predecessor-version":[{"id":401,"href":"https:\/\/cyclo-les-copains-de-wavre.be\/index.php?rest_route=\/wp\/v2\/posts\/398\/revisions\/401"}],"wp:attachment":[{"href":"https:\/\/cyclo-les-copains-de-wavre.be\/index.php?rest_route=%2Fwp%2Fv2%2Fmedia&parent=398"}],"wp:term":[{"taxonomy":"category","embeddable":true,"href":"https:\/\/cyclo-les-copains-de-wavre.be\/index.php?rest_route=%2Fwp%2Fv2%2Fcategories&post=398"},{"taxonomy":"post_tag","embeddable":true,"href":"https:\/\/cyclo-les-copains-de-wavre.be\/index.php?rest_route=%2Fwp%2Fv2%2Ftags&post=398"}],"curies":[{"name":"wp","href":"https:\/\/api.w.org\/{rel}","templated":true}]}}