{"id":367,"date":"2024-10-03T20:48:38","date_gmt":"2024-10-03T18:48:38","guid":{"rendered":"https:\/\/cyclo-les-copains-de-wavre.be\/?p=367"},"modified":"2025-02-09T20:14:23","modified_gmt":"2025-02-09T19:14:23","slug":"programme-octobre-2024","status":"publish","type":"post","link":"https:\/\/cyclo-les-copains-de-wavre.be\/?p=367","title":{"rendered":"Programme\u00a0octobre\u00a02024\u00a0"},"content":{"rendered":"<div>\n<p><b><u><mark data-auto-scroll=\"true\"><img loading=\"lazy\" decoding=\"async\" class=\"wp-image-378 alignleft\" src=\"https:\/\/cyclo-les-copains-de-wavre.be\/wp-content\/uploads\/2025\/01\/actualites-300x183.jpg\" alt=\"\" width=\"172\" height=\"105\" srcset=\"https:\/\/cyclo-les-copains-de-wavre.be\/wp-content\/uploads\/2025\/01\/actualites-300x183.jpg 300w, https:\/\/cyclo-les-copains-de-wavre.be\/wp-content\/uploads\/2025\/01\/actualites-768x470.jpg 768w, https:\/\/cyclo-les-copains-de-wavre.be\/wp-content\/uploads\/2025\/01\/actualites.jpg 960w\" sizes=\"auto, (max-width: 172px) 100vw, 172px\" \/><\/mark><br \/>\n<\/u><\/b><\/p>\n<p>&nbsp;<\/p>\n<h1><\/h1>\n<h1>Horaire des sorties<\/h1>\n<p>&nbsp;<\/p>\n<p>Les dimanches et jours f\u00e9ri\u00e9s :\u00a0d\u00e9part \u00e0\u00a0<b>9h30<\/b><\/p>\n<p>En semaine : les mardis et jeudis : d\u00e9part \u00e0\u00a0<b>9h30<\/b>\u00a0pour\u00a0<b>tous les groupes<\/b><\/p>\n<p>Notre Assembl\u00e9e G\u00e9n\u00e9rale :\u00a0<b>mercredi 20 novembre 2024<\/b><\/p>\n<p>Adresse :<\/p>\n<p>&nbsp;<\/p>\n<div>\n<div><b>Centre Sportif de Limal,\u00a0<\/b><\/div>\n<p><b>Rue Charles Jaumotte 156<\/b><\/p>\n<p><b>1300 Wavre<\/b><\/p>\n<\/div>\n<p>&nbsp;<\/p>\n<p>Bon v\u00e9lo<\/p>\n<\/div>\n<div>\n<p>Votre comit\u00e9<\/p>\n<\/div>\n<div><\/div>\n<div class=\"protonmail_signature_block\">\n<div class=\"protonmail_signature_block-user\"><b>Michel Mortier<\/b><\/div>\n<\/div>\n","protected":false},"excerpt":{"rendered":"<p>&nbsp; Horaire des sorties &nbsp; Les dimanches et jours f\u00e9ri\u00e9s :\u00a0d\u00e9part \u00e0\u00a09h30 En semaine : les mardis et jeudis : d\u00e9part \u00e0\u00a09h30\u00a0pour\u00a0tous les groupes Notre Assembl\u00e9e G\u00e9n\u00e9rale :\u00a0mercredi 20 novembre 2024 Adresse : &nbsp; Centre Sportif de Limal,\u00a0 Rue Charles &hellip; <a href=\"https:\/\/cyclo-les-copains-de-wavre.be\/?p=367\">Continuer la lecture <span class=\"meta-nav\">&rarr;<\/span><\/a><\/p>\n","protected":false},"author":3,"featured_media":378,"comment_status":"closed","ping_status":"closed","sticky":false,"template":"","format":"standard","meta":{"footnotes":""},"categories":[11,39],"tags":[],"class_list":["post-367","post","type-post","status-publish","format-standard","has-post-thumbnail","hentry","category-calendrier","category-vie-du-club"],"_links":{"self":[{"href":"https:\/\/cyclo-les-copains-de-wavre.be\/index.php?rest_route=\/wp\/v2\/posts\/367","targetHints":{"allow":["GET"]}}],"collection":[{"href":"https:\/\/cyclo-les-copains-de-wavre.be\/index.php?rest_route=\/wp\/v2\/posts"}],"about":[{"href":"https:\/\/cyclo-les-copains-de-wavre.be\/index.php?rest_route=\/wp\/v2\/types\/post"}],"author":[{"embeddable":true,"href":"https:\/\/cyclo-les-copains-de-wavre.be\/index.php?rest_route=\/wp\/v2\/users\/3"}],"replies":[{"embeddable":true,"href":"https:\/\/cyclo-les-copains-de-wavre.be\/index.php?rest_route=%2Fwp%2Fv2%2Fcomments&post=367"}],"version-history":[{"count":3,"href":"https:\/\/cyclo-les-copains-de-wavre.be\/index.php?rest_route=\/wp\/v2\/posts\/367\/revisions"}],"predecessor-version":[{"id":393,"href":"https:\/\/cyclo-les-copains-de-wavre.be\/index.php?rest_route=\/wp\/v2\/posts\/367\/revisions\/393"}],"wp:featuredmedia":[{"embeddable":true,"href":"https:\/\/cyclo-les-copains-de-wavre.be\/index.php?rest_route=\/wp\/v2\/media\/378"}],"wp:attachment":[{"href":"https:\/\/cyclo-les-copains-de-wavre.be\/index.php?rest_route=%2Fwp%2Fv2%2Fmedia&parent=367"}],"wp:term":[{"taxonomy":"category","embeddable":true,"href":"https:\/\/cyclo-les-copains-de-wavre.be\/index.php?rest_route=%2Fwp%2Fv2%2Fcategories&post=367"},{"taxonomy":"post_tag","embeddable":true,"href":"https:\/\/cyclo-les-copains-de-wavre.be\/index.php?rest_route=%2Fwp%2Fv2%2Ftags&post=367"}],"curies":[{"name":"wp","href":"https:\/\/api.w.org\/{rel}","templated":true}]}}