{"id":364,"date":"2024-09-02T21:51:38","date_gmt":"2024-09-02T19:51:38","guid":{"rendered":"https:\/\/cyclo-les-copains-de-wavre.be\/?p=364"},"modified":"2025-02-09T20:14:24","modified_gmt":"2025-02-09T19:14:24","slug":"programme-septembre-2024","status":"publish","type":"post","link":"https:\/\/cyclo-les-copains-de-wavre.be\/?p=364","title":{"rendered":"Programme septembre 2024"},"content":{"rendered":"<h1><u><img loading=\"lazy\" decoding=\"async\" class=\" wp-image-378 alignnone\" src=\"https:\/\/cyclo-les-copains-de-wavre.be\/wp-content\/uploads\/2025\/01\/actualites-300x183.jpg\" alt=\"\" width=\"161\" height=\"98\" srcset=\"https:\/\/cyclo-les-copains-de-wavre.be\/wp-content\/uploads\/2025\/01\/actualites-300x183.jpg 300w, https:\/\/cyclo-les-copains-de-wavre.be\/wp-content\/uploads\/2025\/01\/actualites-768x470.jpg 768w, https:\/\/cyclo-les-copains-de-wavre.be\/wp-content\/uploads\/2025\/01\/actualites.jpg 960w\" sizes=\"auto, (max-width: 161px) 100vw, 161px\" \/><\/u><\/h1>\n<h1><u>H<\/u><u>oraire des sorties<\/u><\/h1>\n<p>&nbsp;<\/p>\n<p>Les dimanches et jours f\u00e9ri\u00e9s : d\u00e9part \u00e0\u00a0<strong>9h00<\/strong><\/p>\n<p>En semaine : les mardis et jeudis : d\u00e9part \u00e0\u00a0<strong>9h30<\/strong>\u00a0pour <strong>tous les groupes<\/strong><\/p>\n<p>&nbsp;<\/p>\n<h2><strong><u>Samedi 7 septembre\u00a0<\/u><\/strong><\/h2>\n<h3><u>Souper Club\u00a0<\/u><\/h3>\n<p>Vous \u00eates convi\u00e9s \u00e0 19h00 pour un souper Campagnard. Les inscriptions sont ouvertes jusqu\u2019au 31 ao\u00fbt inclus.<\/p>\n<h4><strong>Participation<\/strong>\u00a0:<\/h4>\n<ul>\n<li>35 \u20ac par personne pour les adultes<\/li>\n<\/ul>\n<ul data-editing-info=\"{&quot;orderedStyleType&quot;:1,&quot;unorderedStyleType&quot;:1}\">\n<li>12\u20ac par enfant de moins de 12 ans<\/li>\n<\/ul>\n<h4><strong>Au Menu\u00a0<\/strong><\/h4>\n<ul>\n<li>Buffet Campagnard \u00e0 Volont\u00e9 (hors boissons)<\/li>\n<\/ul>\n<ul data-editing-info=\"{&quot;orderedStyleType&quot;:1,&quot;unorderedStyleType&quot;:1}\">\n<li>Dessert<\/li>\n<\/ul>\n<p>Le repas, concoct\u00e9 comme d\u2019habitude par notre \u00ab Chef \u00bb <strong>Eric Billiet<\/strong>, sera suivi d\u2019une <strong>Soir\u00e9e Dansante\u00a0<\/strong><\/p>\n<p><strong>Les amis des amis sont les bienvenus !\u00a0\u00a0<\/strong><\/p>\n<p><strong>Nous nous occupons de tout, apportez simplement votre bonne humeur\u00a0!\u00a0<\/strong><\/p>\n<p>Tout ceci afin de vous fournir un \u00e9quipement de qualit\u00e9 pour les ann\u00e9es \u00e0 venir.<\/p>\n<p><strong>Adresse\u00a0<\/strong><\/p>\n<p>Salle des f\u00eates de Limal<br \/>\nRue Charles Jaumotte, 54<\/p>\n<p>1300 Limal<\/p>\n<p>&nbsp;<\/p>\n<h2><strong><u>Dimanche 15 septembre<\/u><\/strong><\/h2>\n<h3><u>Journ\u00e9e de la mobilit\u00e9 \u00e0 Wavre<\/u><\/h3>\n<p>Nous sommes invit\u00e9s par l&rsquo;\u00e9chevin de la mobilit\u00e9 \u00e0 participer \u00e0 cette journ\u00e9e.<\/p>\n<p>&#8211; Chaque groupe prendra le d\u00e9part \u00e0 9h00 \u00e0 l&rsquo;h\u00f4tel de ville et fera son tour comme d&rsquo;habitude.<\/p>\n<p>&#8211; Le centre ville sera ferm\u00e9 \u00e0 la circulation, donc, pour ceux qui viennent en voiture, rendez-vous \u00e0 La Raquette pour un d\u00e9part vers 8h45 pour l&rsquo;h\u00f4tel de ville.<\/p>\n<p>&#8211; Il est possible que des cyclos non membres nous accompagnent (seuls les cyclos avec v\u00e9lo de route seront accept\u00e9s).<\/p>\n<p>&#8211; Apr\u00e8s notre randonn\u00e9e, retour \u00e0 l&rsquo;h\u00f4tel de ville pour un drink ?<\/p>\n<p>Nous esp\u00e9rons vous voir nombreux pour repr\u00e9senter notre club.<\/p>\n<p>Equipement club bien entendu.<\/p>\n<p><u>Si la m\u00e9t\u00e9o est mauvaise (pluie), nous ne participerons pas \u00e0 l&rsquo;\u00e9v\u00e8nement.<\/u><\/p>\n<p>&nbsp;<\/p>\n<p>Bon v\u00e9lo<\/p>\n<p>Votre comit\u00e9<\/p>\n","protected":false},"excerpt":{"rendered":"<p>Horaire des sorties &nbsp; Les dimanches et jours f\u00e9ri\u00e9s : d\u00e9part \u00e0\u00a09h00 En semaine : les mardis et jeudis : d\u00e9part \u00e0\u00a09h30\u00a0pour tous les groupes &nbsp; Samedi 7 septembre\u00a0 Souper Club\u00a0 Vous \u00eates convi\u00e9s \u00e0 19h00 pour un souper Campagnard. &hellip; <a href=\"https:\/\/cyclo-les-copains-de-wavre.be\/?p=364\">Continuer la lecture <span class=\"meta-nav\">&rarr;<\/span><\/a><\/p>\n","protected":false},"author":3,"featured_media":378,"comment_status":"closed","ping_status":"open","sticky":false,"template":"","format":"standard","meta":{"footnotes":""},"categories":[11,39],"tags":[],"class_list":["post-364","post","type-post","status-publish","format-standard","has-post-thumbnail","hentry","category-calendrier","category-vie-du-club"],"_links":{"self":[{"href":"https:\/\/cyclo-les-copains-de-wavre.be\/index.php?rest_route=\/wp\/v2\/posts\/364","targetHints":{"allow":["GET"]}}],"collection":[{"href":"https:\/\/cyclo-les-copains-de-wavre.be\/index.php?rest_route=\/wp\/v2\/posts"}],"about":[{"href":"https:\/\/cyclo-les-copains-de-wavre.be\/index.php?rest_route=\/wp\/v2\/types\/post"}],"author":[{"embeddable":true,"href":"https:\/\/cyclo-les-copains-de-wavre.be\/index.php?rest_route=\/wp\/v2\/users\/3"}],"replies":[{"embeddable":true,"href":"https:\/\/cyclo-les-copains-de-wavre.be\/index.php?rest_route=%2Fwp%2Fv2%2Fcomments&post=364"}],"version-history":[{"count":4,"href":"https:\/\/cyclo-les-copains-de-wavre.be\/index.php?rest_route=\/wp\/v2\/posts\/364\/revisions"}],"predecessor-version":[{"id":394,"href":"https:\/\/cyclo-les-copains-de-wavre.be\/index.php?rest_route=\/wp\/v2\/posts\/364\/revisions\/394"}],"wp:featuredmedia":[{"embeddable":true,"href":"https:\/\/cyclo-les-copains-de-wavre.be\/index.php?rest_route=\/wp\/v2\/media\/378"}],"wp:attachment":[{"href":"https:\/\/cyclo-les-copains-de-wavre.be\/index.php?rest_route=%2Fwp%2Fv2%2Fmedia&parent=364"}],"wp:term":[{"taxonomy":"category","embeddable":true,"href":"https:\/\/cyclo-les-copains-de-wavre.be\/index.php?rest_route=%2Fwp%2Fv2%2Fcategories&post=364"},{"taxonomy":"post_tag","embeddable":true,"href":"https:\/\/cyclo-les-copains-de-wavre.be\/index.php?rest_route=%2Fwp%2Fv2%2Ftags&post=364"}],"curies":[{"name":"wp","href":"https:\/\/api.w.org\/{rel}","templated":true}]}}