{"id":348,"date":"2024-08-04T11:01:28","date_gmt":"2024-08-04T09:01:28","guid":{"rendered":"https:\/\/cyclo-les-copains-de-wavre.be\/?p=348"},"modified":"2025-02-09T20:14:24","modified_gmt":"2025-02-09T19:14:24","slug":"programme-aout-2024","status":"publish","type":"post","link":"https:\/\/cyclo-les-copains-de-wavre.be\/?p=348","title":{"rendered":"Programme ao\u00fbt 2024"},"content":{"rendered":"<h1><img loading=\"lazy\" decoding=\"async\" class=\"alignnone  wp-image-378\" src=\"https:\/\/cyclo-les-copains-de-wavre.be\/wp-content\/uploads\/2025\/01\/actualites-300x183.jpg\" alt=\"\" width=\"167\" height=\"102\" srcset=\"https:\/\/cyclo-les-copains-de-wavre.be\/wp-content\/uploads\/2025\/01\/actualites-300x183.jpg 300w, https:\/\/cyclo-les-copains-de-wavre.be\/wp-content\/uploads\/2025\/01\/actualites-768x470.jpg 768w, https:\/\/cyclo-les-copains-de-wavre.be\/wp-content\/uploads\/2025\/01\/actualites.jpg 960w\" sizes=\"auto, (max-width: 167px) 100vw, 167px\" \/><\/h1>\n<h1>Horaire des sorties<\/h1>\n<p>Les dimanches et jours f\u00e9ri\u00e9s :<\/p>\n<p>G1 et G2 : d\u00e9part \u00e0 8h30.<br \/>\nG3 et G4 : d\u00e9part \u00e0 9h00.<\/p>\n<h2>En semaine :<\/h2>\n<p>les mardis et jeudis :<\/p>\n<p>d\u00e9part \u00e0 9h00 pour le groupe 2<\/p>\n<p>d\u00e9part \u00e0 9h30 pour les autres groupes<\/p>\n<h1>Dimanche 4 ao\u00fbt<\/h1>\n<p>Sortie organis\u00e9e en collaboration avec le Comit\u00e9 des f\u00eates de Bierges.<\/p>\n<p>Cette sortie est ouverte \u00e0 des cyclos qui ne sont pas de notre club, notre r\u00f4le sera de les encadrer pour un bon d\u00e9roulement des parcours.<\/p>\n<p>Lieu de d\u00e9part : salle Jules Collette.<\/p>\n<p>Adresse : 16 rue des Combattants 1301 Bierges.<\/p>\n<p>Retour au m\u00eame endroit pour un drink.<\/p>\n<p>Pour ceux que cela int\u00e9ressent :<\/p>\n<p>&#8211; rendez-vous \u00e0 8h30 \u00e0 La Raquette pour nous rendre en v\u00e9lo \u00e0 la salle Jules Colette.<\/p>\n<p>Pour les autres :<\/p>\n<p>&#8211; rendez-vous au lieu de d\u00e9part \u00e0 8h45.<\/p>\n<p>D\u00e9part des groupes \u00e0 9h00 (heure pr\u00e9vue avec l&rsquo;organisation)<\/p>\n<p>Nos groupes font leur parcours comme d&rsquo;habitude en tenant compte des cyclos \u00ab\u00a0ext\u00e9rieurs\u00a0\u00bb.<\/p>\n<p>!! Retour du groupe 2 pr\u00e9vu entre 12h30 et 13h00.<\/p>\n<p>Tenue club bien entendu.<\/p>\n<p>Si la m\u00e9t\u00e9o est mauvaise (pluie), la sortie sera annul\u00e9e.<\/p>\n<h1>Jeudi 15 ao\u00fbt<\/h1>\n<p>Jour f\u00e9ri\u00e9, horaire des sorties comme un dimanche.<\/p>\n<h1>A venir :<\/h1>\n<p>&#8211; samedi 7 septembre : souper club.<\/p>\n<p>&#8211; dimanche 15 septembre : journ\u00e9e de la mobilit\u00e9<\/p>\n<p>Infos et d\u00e9tails en temps utiles.<\/p>\n<p>Bon v\u00e9lo<\/p>\n<p>Votre comit\u00e9<\/p>\n<p>Michel Mortier<\/p>\n","protected":false},"excerpt":{"rendered":"<p>Horaire des sorties Les dimanches et jours f\u00e9ri\u00e9s : G1 et G2 : d\u00e9part \u00e0 8h30. G3 et G4 : d\u00e9part \u00e0 9h00. En semaine : les mardis et jeudis : d\u00e9part \u00e0 9h00 pour le groupe 2 d\u00e9part \u00e0 &hellip; <a href=\"https:\/\/cyclo-les-copains-de-wavre.be\/?p=348\">Continuer la lecture <span class=\"meta-nav\">&rarr;<\/span><\/a><\/p>\n","protected":false},"author":3,"featured_media":0,"comment_status":"closed","ping_status":"open","sticky":false,"template":"","format":"standard","meta":{"footnotes":""},"categories":[39],"tags":[],"class_list":["post-348","post","type-post","status-publish","format-standard","hentry","category-vie-du-club"],"_links":{"self":[{"href":"https:\/\/cyclo-les-copains-de-wavre.be\/index.php?rest_route=\/wp\/v2\/posts\/348","targetHints":{"allow":["GET"]}}],"collection":[{"href":"https:\/\/cyclo-les-copains-de-wavre.be\/index.php?rest_route=\/wp\/v2\/posts"}],"about":[{"href":"https:\/\/cyclo-les-copains-de-wavre.be\/index.php?rest_route=\/wp\/v2\/types\/post"}],"author":[{"embeddable":true,"href":"https:\/\/cyclo-les-copains-de-wavre.be\/index.php?rest_route=\/wp\/v2\/users\/3"}],"replies":[{"embeddable":true,"href":"https:\/\/cyclo-les-copains-de-wavre.be\/index.php?rest_route=%2Fwp%2Fv2%2Fcomments&post=348"}],"version-history":[{"count":2,"href":"https:\/\/cyclo-les-copains-de-wavre.be\/index.php?rest_route=\/wp\/v2\/posts\/348\/revisions"}],"predecessor-version":[{"id":395,"href":"https:\/\/cyclo-les-copains-de-wavre.be\/index.php?rest_route=\/wp\/v2\/posts\/348\/revisions\/395"}],"wp:attachment":[{"href":"https:\/\/cyclo-les-copains-de-wavre.be\/index.php?rest_route=%2Fwp%2Fv2%2Fmedia&parent=348"}],"wp:term":[{"taxonomy":"category","embeddable":true,"href":"https:\/\/cyclo-les-copains-de-wavre.be\/index.php?rest_route=%2Fwp%2Fv2%2Fcategories&post=348"},{"taxonomy":"post_tag","embeddable":true,"href":"https:\/\/cyclo-les-copains-de-wavre.be\/index.php?rest_route=%2Fwp%2Fv2%2Ftags&post=348"}],"curies":[{"name":"wp","href":"https:\/\/api.w.org\/{rel}","templated":true}]}}