{"id":333,"date":"2024-06-27T23:13:53","date_gmt":"2024-06-27T21:13:53","guid":{"rendered":"https:\/\/cyclo-les-copains-de-wavre.be\/?p=333"},"modified":"2025-02-09T20:14:24","modified_gmt":"2025-02-09T19:14:24","slug":"programme-juillet-2024","status":"publish","type":"post","link":"https:\/\/cyclo-les-copains-de-wavre.be\/?p=333","title":{"rendered":"Programme juillet 2024"},"content":{"rendered":"<h3><strong><u>Horaire des sorties\u00a0<\/u><\/strong><\/h3>\n<p>Les dimanches et jours f\u00e9ri\u00e9s : <strong><u>\u00a0<\/u><\/strong><\/p>\n<ul>\n<li>G1 et G2 : d\u00e9part \u00e0 <strong>8h30<\/strong>.<strong><u>\u00a0<\/u><\/strong><\/li>\n<li>G3 et G4 : d\u00e9part \u00e0 <strong>9h00<\/strong>.<strong><u>\u00a0<\/u><\/strong><\/li>\n<\/ul>\n<p>En semaine\u00a0: les mardis et jeudis\u00a0: d\u00e9part \u00e0 <strong>9h30<\/strong>.<\/p>\n<p>&nbsp;<\/p>\n<h3><strong><u>Dimanche 7 juillet.<br \/>\n<\/u><\/strong><\/h3>\n<p><strong>Sortie organis\u00e9e en collaboration avec le Comit\u00e9 des f\u00eates de Limal.\u00a0<\/strong><\/p>\n<p>Cette sortie est ouverte \u00e0 des cyclos qui ne sont pas de notre club, notre r\u00f4le sera de les encadrer pour un bon d\u00e9roulement des parcours.<\/p>\n<p>Nos groupes 1, 2 et 3 font leur parcours comme d&rsquo;habitude en tenant compte des cyclos \u00ab\u00a0ext\u00e9rieurs\u00a0\u00bb.<\/p>\n<p>Notre groupe 4 prendra en charge les parents avec enfants pour un petit tour vers Bousval par le Ravel (+\/- 25 km aller\/retour).<\/p>\n<p>Si c&rsquo;est le cas comme en 2023, Jean-Luc prendra en charge les cyclos avec v\u00e9lo \u00e9lectrique (VTT ou VTC) capable de faire +\/- 50 km \u00e0 +\/- 20 km\/h.<\/p>\n<p><em><span style=\"color: #ff0000;\"><u>Lieu de d\u00e9part<\/u><\/span> : centre sportif de Limal, rue Charles Jaumotte n\u00b0 156.\u00a0<\/em><\/p>\n<p><u>D\u00e9part<\/u><u> des groupes \u00e0 <strong>9h00<\/strong>\u00a0<\/u><\/p>\n<p>Retour au m\u00eame endroit pour un drink.<u>\u00a0<\/u><\/p>\n<p>Pour ceux que cela int\u00e9ressent :<u>\u00a0<\/u><\/p>\n<p>&#8211; rendez-vous \u00e0 8h30 \u00e0 La Raquette pour nous rendre en v\u00e9lo au centre sportif de Limal.<u>\u00a0<\/u><\/p>\n<p>Pour les autres :<u>\u00a0<\/u><\/p>\n<p>&#8211; rendez-vous \u00e0 8h45 au lieu de d\u00e9part.<\/p>\n<p><u>!! Retour du groupe 2 pr\u00e9vu entre 12h30 et 13h00.\u00a0<\/u><\/p>\n<p>Tenue club bien entendu.<\/p>\n<p><u>Si la m\u00e9t\u00e9o n&rsquo;est pas bonne (pluie), la sortie est annul\u00e9e<\/u>.<\/p>\n<p>&nbsp;<\/p>\n<h3><strong><u>Dimanche 14 juillet.\u00a0<\/u><\/strong><\/h3>\n<p>Sorties habituelles suivies du BBQ \u00e0 La Raquette.<\/p>\n<p>D\u00e9but du BBQ pr\u00e9vu vers 13h15.<\/p>\n<p>Inscription (<a href=\"mailto:moureau.draye81@gmail.com\">moureau.draye81@gmail.com<\/a>) pour le vendredi 5 juillet au plus tard.<\/p>\n<p><em>Voir bulletin d&rsquo;inscription envoy\u00e9 par e-mail<\/em>.<\/p>\n<p><u>\u00a0<\/u><\/p>\n<p><u>A venir :\u00a0<\/u><\/p>\n<p>&#8211; dimanche 4 ao\u00fbt : sortie comit\u00e9 des f\u00eates de Bi\u00e8rges.<\/p>\n<p>&#8211; d&rsquo;autres sorties sont en pr\u00e9parations pour ao\u00fbt et septembre<\/p>\n<p>&#8211; samedi 7 septembre : souper du club.<\/p>\n<p>Infos et d\u00e9tails en temps utiles.<\/p>\n<p>&nbsp;<\/p>\n<p>Bon v\u00e9lo<\/p>\n<p>Votre comit\u00e9<\/p>\n<p><strong>Michel Mortier<\/strong><\/p>\n","protected":false},"excerpt":{"rendered":"<p>Horaire des sorties\u00a0 Les dimanches et jours f\u00e9ri\u00e9s : \u00a0 G1 et G2 : d\u00e9part \u00e0 8h30.\u00a0 G3 et G4 : d\u00e9part \u00e0 9h00.\u00a0 En semaine\u00a0: les mardis et jeudis\u00a0: d\u00e9part \u00e0 9h30. &nbsp; Dimanche 7 juillet. Sortie organis\u00e9e en &hellip; <a href=\"https:\/\/cyclo-les-copains-de-wavre.be\/?p=333\">Continuer la lecture <span class=\"meta-nav\">&rarr;<\/span><\/a><\/p>\n","protected":false},"author":3,"featured_media":0,"comment_status":"closed","ping_status":"open","sticky":false,"template":"","format":"standard","meta":{"footnotes":""},"categories":[39],"tags":[],"class_list":["post-333","post","type-post","status-publish","format-standard","hentry","category-vie-du-club"],"_links":{"self":[{"href":"https:\/\/cyclo-les-copains-de-wavre.be\/index.php?rest_route=\/wp\/v2\/posts\/333","targetHints":{"allow":["GET"]}}],"collection":[{"href":"https:\/\/cyclo-les-copains-de-wavre.be\/index.php?rest_route=\/wp\/v2\/posts"}],"about":[{"href":"https:\/\/cyclo-les-copains-de-wavre.be\/index.php?rest_route=\/wp\/v2\/types\/post"}],"author":[{"embeddable":true,"href":"https:\/\/cyclo-les-copains-de-wavre.be\/index.php?rest_route=\/wp\/v2\/users\/3"}],"replies":[{"embeddable":true,"href":"https:\/\/cyclo-les-copains-de-wavre.be\/index.php?rest_route=%2Fwp%2Fv2%2Fcomments&post=333"}],"version-history":[{"count":1,"href":"https:\/\/cyclo-les-copains-de-wavre.be\/index.php?rest_route=\/wp\/v2\/posts\/333\/revisions"}],"predecessor-version":[{"id":334,"href":"https:\/\/cyclo-les-copains-de-wavre.be\/index.php?rest_route=\/wp\/v2\/posts\/333\/revisions\/334"}],"wp:attachment":[{"href":"https:\/\/cyclo-les-copains-de-wavre.be\/index.php?rest_route=%2Fwp%2Fv2%2Fmedia&parent=333"}],"wp:term":[{"taxonomy":"category","embeddable":true,"href":"https:\/\/cyclo-les-copains-de-wavre.be\/index.php?rest_route=%2Fwp%2Fv2%2Fcategories&post=333"},{"taxonomy":"post_tag","embeddable":true,"href":"https:\/\/cyclo-les-copains-de-wavre.be\/index.php?rest_route=%2Fwp%2Fv2%2Ftags&post=333"}],"curies":[{"name":"wp","href":"https:\/\/api.w.org\/{rel}","templated":true}]}}