{"id":324,"date":"2024-05-29T22:47:32","date_gmt":"2024-05-29T20:47:32","guid":{"rendered":"https:\/\/cyclo-les-copains-de-wavre.be\/?p=324"},"modified":"2025-02-09T20:14:24","modified_gmt":"2025-02-09T19:14:24","slug":"programme-juin-2024","status":"publish","type":"post","link":"https:\/\/cyclo-les-copains-de-wavre.be\/?p=324","title":{"rendered":"Programme juin 2024\u00a0"},"content":{"rendered":"<div dir=\"auto\">\n<p>&nbsp;<\/p>\n<p><i>Pour rappel, les horaires sont disponibles sur notre site <\/i><i><a title=\"https:\/\/cyclo-les-copains-de-wavre.be\/\" href=\"https:\/\/cyclo-les-copains-de-wavre.be\">https:\/\/cyclo-les-copains-de-wavre.be\/<\/a><\/i><i> dans la rubrique &#8230; Horaire des sorties <\/i><i>\u00a0<\/i><\/p>\n<p>Horaire des sorties<\/p>\n<p>Les dimanches :<\/p>\n<ul type=\"disc\">\n<li>G1 et G2 : d\u00e9part \u00e0 <b>8h30<\/b>.<\/li>\n<li>G3 et G4 : d\u00e9part \u00e0 <b>9h00<\/b>.<\/li>\n<\/ul>\n<p>La semaine :<\/p>\n<ul type=\"disc\">\n<li>mardi : d\u00e9part \u00e0 <b dir=\"auto\"><u dir=\"auto\"> 9h30<\/u><\/b>.<\/li>\n<li>jeudi : d\u00e9part \u00e0 <b dir=\"auto\"><u dir=\"auto\">9h30<\/u><\/b>.<\/li>\n<\/ul>\n<h1>Dimanche 2 juin\u00a0: La route Lensoise<\/h1>\n<p>Pour ceux que cela int\u00e9ressent.<\/p>\n<p>Notre copain et sponsor Alain Tomsin nous invite \u00e0 participer \u00e0<b> la randonn\u00e9e cyclo \u00ab\u00a0La Roue Lensoise\u00a0\u00bb; <\/b>l&rsquo;affiche se trouve en attach\u00e9<b>.<br \/>\n<\/b><\/p>\n<p>Adresse : <b>Rue Paquot, 2 (football) \u00e0 4280 Lens St Remy.<\/b><b>\u00a0<\/b><\/p>\n<p>Pour ceux qui le d\u00e9sirent, <b>un d\u00e9part en voiture sera pr\u00e9vu \u00e0<\/b> <b>La Raquette <\/b>entre 7h00 et 7h15<\/p>\n<p><b>D\u00e9part sur place<\/b> : 9h00.<\/p>\n<p><b>Parcours<\/b> : 70 km.<\/p>\n<h1>Dimanche 9 juin<\/h1>\n<p>Elections\u00a0: d\u00e9part des groupes \u00e0 <b>9h30<\/b>.<\/p>\n<h1>A venir<\/h1>\n<ul>\n<li>dimanche 7 juillet : sortie comit\u00e9 des f\u00eates de Limal.<\/li>\n<li>dimanche 14 juillet : repas \u00e0 La Raquette (BBQ).<\/li>\n<li>dimanche 4 ao\u00fbt : sortie comit\u00e9 des f\u00eates de Bi\u00e8rges.<\/li>\n<\/ul>\n<\/div>\n<div><\/div>\n<div>Pour le comit\u00e9,<\/div>\n<div><\/div>\n<div class=\"protonmail_signature_block\">\n<div class=\"protonmail_signature_block-user\"><b>Michel Mortier<\/b><\/div>\n<\/div>\n","protected":false},"excerpt":{"rendered":"<p>&nbsp; Pour rappel, les horaires sont disponibles sur notre site https:\/\/cyclo-les-copains-de-wavre.be\/ dans la rubrique &#8230; Horaire des sorties \u00a0 Horaire des sorties Les dimanches : G1 et G2 : d\u00e9part \u00e0 8h30. G3 et G4 : d\u00e9part \u00e0 9h00. La &hellip; <a href=\"https:\/\/cyclo-les-copains-de-wavre.be\/?p=324\">Continuer la lecture <span class=\"meta-nav\">&rarr;<\/span><\/a><\/p>\n","protected":false},"author":3,"featured_media":0,"comment_status":"closed","ping_status":"open","sticky":false,"template":"","format":"standard","meta":{"footnotes":""},"categories":[11],"tags":[],"class_list":["post-324","post","type-post","status-publish","format-standard","hentry","category-calendrier"],"_links":{"self":[{"href":"https:\/\/cyclo-les-copains-de-wavre.be\/index.php?rest_route=\/wp\/v2\/posts\/324","targetHints":{"allow":["GET"]}}],"collection":[{"href":"https:\/\/cyclo-les-copains-de-wavre.be\/index.php?rest_route=\/wp\/v2\/posts"}],"about":[{"href":"https:\/\/cyclo-les-copains-de-wavre.be\/index.php?rest_route=\/wp\/v2\/types\/post"}],"author":[{"embeddable":true,"href":"https:\/\/cyclo-les-copains-de-wavre.be\/index.php?rest_route=\/wp\/v2\/users\/3"}],"replies":[{"embeddable":true,"href":"https:\/\/cyclo-les-copains-de-wavre.be\/index.php?rest_route=%2Fwp%2Fv2%2Fcomments&post=324"}],"version-history":[{"count":1,"href":"https:\/\/cyclo-les-copains-de-wavre.be\/index.php?rest_route=\/wp\/v2\/posts\/324\/revisions"}],"predecessor-version":[{"id":325,"href":"https:\/\/cyclo-les-copains-de-wavre.be\/index.php?rest_route=\/wp\/v2\/posts\/324\/revisions\/325"}],"wp:attachment":[{"href":"https:\/\/cyclo-les-copains-de-wavre.be\/index.php?rest_route=%2Fwp%2Fv2%2Fmedia&parent=324"}],"wp:term":[{"taxonomy":"category","embeddable":true,"href":"https:\/\/cyclo-les-copains-de-wavre.be\/index.php?rest_route=%2Fwp%2Fv2%2Fcategories&post=324"},{"taxonomy":"post_tag","embeddable":true,"href":"https:\/\/cyclo-les-copains-de-wavre.be\/index.php?rest_route=%2Fwp%2Fv2%2Ftags&post=324"}],"curies":[{"name":"wp","href":"https:\/\/api.w.org\/{rel}","templated":true}]}}