{"id":296,"date":"2024-04-30T21:11:57","date_gmt":"2024-04-30T19:11:57","guid":{"rendered":"https:\/\/cyclo-les-copains-de-wavre.be\/?p=296"},"modified":"2025-02-09T20:14:24","modified_gmt":"2025-02-09T19:14:24","slug":"programme-mai-2024","status":"publish","type":"post","link":"https:\/\/cyclo-les-copains-de-wavre.be\/?p=296","title":{"rendered":"Programme mai 2024"},"content":{"rendered":"<div>\n<p>Bonjour \u00e0 toutes et \u00e0 tous,<\/p>\n<h1><b><u><mark>Programme mai 2024<\/mark><br \/>\n<\/u><\/b><\/h1>\n<h2><b><u>Horaire des sorties<\/u><\/b><\/h2>\n<p>Les dimanches :<\/p>\n<p>&nbsp;<\/p>\n<ul data-editing-info=\"{&quot;orderedStyleType&quot;:1,&quot;unorderedStyleType&quot;:1}\">\n<li>\n<h6>G1 et G2 : d\u00e9part \u00e0 <b>8h30<\/b>.<\/h6>\n<\/li>\n<li>\n<h6>G3 et G4 : d\u00e9part \u00e0 <b>9h00<\/b>.<\/h6>\n<\/li>\n<\/ul>\n<p>&nbsp;<\/p>\n<h2><b><u>Dimanche 1 mai<\/u> : Mons-Chimay-Mons<\/b><\/h2>\n<div>2 circuits<\/div>\n<div>\n<ul data-editing-info=\"{&quot;orderedStyleType&quot;:1,&quot;unorderedStyleType&quot;:1}\">\n<li>95 km (D+\u00a0 : 978m) 1 ravitaillement<\/li>\n<li>130 km (D+ : 1300m) 2 ravitaillements<\/li>\n<\/ul>\n<div>Pr\u00e9voir un kit r\u00e9paration chambre \u00e0 air<\/div>\n<div><b>Sortie avec le nouvel \u00e9quipement obligatoire<br \/>\n<\/b><\/div>\n<h2><\/h2>\n<h2><b><u>Dimanche 5 mai<\/u> : rouler contre le cancer \u00e0 Dion.<\/b><\/h2>\n<h6><b> voir l&rsquo;affiche sur le site <a href=\"http:\/\/www.cyclodetente.be\" target=\"_blank\" rel=\"noreferrer nofollow noopener\">www.cyclodetente.be<\/a><\/b><\/h6>\n<div>\n<ul data-editing-info=\"{&quot;orderedStyleType&quot;:1,&quot;unorderedStyleType&quot;:1}\">\n<li>circuit de 63 km, nous parton de Wavre<\/li>\n<li>D\u00e9part \u00e0 la Raquette \u00e0 <b>8:30<\/b> pour tous les groupes<\/li>\n<li>inscription : <b>6,50 \u20ac<\/b>, nous payons la totalit\u00e9<\/li>\n<\/ul>\n<div><\/div>\n<div>Si la m\u00e9t\u00e9o ne le permet pas, la sortie est annul\u00e9e<\/div>\n<\/div>\n<h1><b><u>Jeudi 9 mai<\/u> : ascension, jour f\u00e9ri\u00e9 = horaire du dimanche<\/b><\/h1>\n<div><b>\u00a0<\/b><\/div>\n<h1><b><u>Dimanche 12 mai<\/u> : la Vanco<br \/>\n<\/b><\/h1>\n<div>\n<ul data-editing-info=\"{&quot;orderedStyleType&quot;:1,&quot;unorderedStyleType&quot;:1}\">\n<li><b>d\u00e9part \u00e0 9:00 au Centre Sportif de Wavre<\/b><\/li>\n<li>la cyclo sera ouverte \u00e0 des participants ext\u00e9rieurs \u00e0 notre Club<\/li>\n<li><b>les participants suivront les capitaines<\/b> <b>de chaque groupe<\/b><\/li>\n<li>il y aura deux groupes :\n<ul>\n<li>groupe 1 : <b>80 km, <\/b>moyenne : <b>23 \u00e0 25 km\/h<\/b><\/li>\n<li>groupe 2<b> : 60 km, <\/b>moyenne <b>: 20 \u00e0 23 km\/h<\/b><\/li>\n<\/ul>\n<\/li>\n<li>chaque groupe sera suivi par un v\u00e9hicule<\/li>\n<li><b>inscription <\/b>\u00e0 partir de <b>8:00<\/b><\/li>\n<li><b>pas de ravitaillement<\/b>\n<ul>\n<li>une gaufre au d\u00e9part<\/li>\n<li>un ticket boisson pour apr\u00e8s la randonn\u00e9e<\/li>\n<\/ul>\n<\/li>\n<\/ul>\n<\/div>\n<div><b>\u00a0<\/b><\/div>\n<h1><b><u>Lundi 20 mai<\/u> : pentec\u00f4te, jour f\u00e9ri\u00e9 = horaire du dimanche<br \/>\n<\/b><\/h1>\n<\/div>\n<div><\/div>\n<div>\n<p>A bient\u00f4tPour le comit\u00e9,<\/p>\n<\/div>\n<\/div>\n<div class=\"protonmail_signature_block\">\n<div class=\"protonmail_signature_block-user\"><b>Michel Mortier<\/b><\/div>\n<\/div>\n","protected":false},"excerpt":{"rendered":"<p>Bonjour \u00e0 toutes et \u00e0 tous, Programme mai 2024 Horaire des sorties Les dimanches : &nbsp; G1 et G2 : d\u00e9part \u00e0 8h30. G3 et G4 : d\u00e9part \u00e0 9h00. &nbsp; Dimanche 1 mai : Mons-Chimay-Mons 2 circuits 95 km &hellip; <a href=\"https:\/\/cyclo-les-copains-de-wavre.be\/?p=296\">Continuer la lecture <span class=\"meta-nav\">&rarr;<\/span><\/a><\/p>\n","protected":false},"author":3,"featured_media":0,"comment_status":"closed","ping_status":"open","sticky":false,"template":"","format":"standard","meta":{"footnotes":""},"categories":[11,10,39],"tags":[45],"class_list":["post-296","post","type-post","status-publish","format-standard","hentry","category-calendrier","category-evenements","category-vie-du-club","tag-vanco-2024"],"_links":{"self":[{"href":"https:\/\/cyclo-les-copains-de-wavre.be\/index.php?rest_route=\/wp\/v2\/posts\/296","targetHints":{"allow":["GET"]}}],"collection":[{"href":"https:\/\/cyclo-les-copains-de-wavre.be\/index.php?rest_route=\/wp\/v2\/posts"}],"about":[{"href":"https:\/\/cyclo-les-copains-de-wavre.be\/index.php?rest_route=\/wp\/v2\/types\/post"}],"author":[{"embeddable":true,"href":"https:\/\/cyclo-les-copains-de-wavre.be\/index.php?rest_route=\/wp\/v2\/users\/3"}],"replies":[{"embeddable":true,"href":"https:\/\/cyclo-les-copains-de-wavre.be\/index.php?rest_route=%2Fwp%2Fv2%2Fcomments&post=296"}],"version-history":[{"count":3,"href":"https:\/\/cyclo-les-copains-de-wavre.be\/index.php?rest_route=\/wp\/v2\/posts\/296\/revisions"}],"predecessor-version":[{"id":302,"href":"https:\/\/cyclo-les-copains-de-wavre.be\/index.php?rest_route=\/wp\/v2\/posts\/296\/revisions\/302"}],"wp:attachment":[{"href":"https:\/\/cyclo-les-copains-de-wavre.be\/index.php?rest_route=%2Fwp%2Fv2%2Fmedia&parent=296"}],"wp:term":[{"taxonomy":"category","embeddable":true,"href":"https:\/\/cyclo-les-copains-de-wavre.be\/index.php?rest_route=%2Fwp%2Fv2%2Fcategories&post=296"},{"taxonomy":"post_tag","embeddable":true,"href":"https:\/\/cyclo-les-copains-de-wavre.be\/index.php?rest_route=%2Fwp%2Fv2%2Ftags&post=296"}],"curies":[{"name":"wp","href":"https:\/\/api.w.org\/{rel}","templated":true}]}}